{"id":943,"date":"2009-08-24T10:27:12","date_gmt":"2009-08-24T08:27:12","guid":{"rendered":"http:\/\/www.yanngraf.com\/?p=943"},"modified":"2017-07-14T15:14:46","modified_gmt":"2017-07-14T13:14:46","slug":"concepteur-multimedia-un-metier-depasse","status":"publish","type":"post","link":"https:\/\/www.yanngraf.com\/fr\/blog\/concepteur-multimedia-un-metier-depasse\/","title":{"rendered":"Concepteur multim\u00e9dia, un m\u00e9tier d\u00e9pass\u00e9?"},"content":{"rendered":"<p>En faisant, un petit runnnig ce weekend, je r\u00e9fl\u00e9chissais \u00e0 la formation de concepteur multim\u00e9dia que j&rsquo;avais effectu\u00e9e. Etait-ce vraiment une bonne id\u00e9e, qu&rsquo;en avais-je retir\u00e9, et surtout, le \u00ab\u00a0grand public\u00a0\u00bb comprenait-il vraiment ce terme? Et BANG, lundi matin, je vois un Tweet de <a href=\"https:\/\/twitter.com\/xavier83\">Xavier<\/a> pointant sur <a href=\"http:\/\/blog.vitamine-c.ch\/index.php?post\/2009\/08\/21\/Concepteur-en-multim%C3%A9dia-:-un-m%C3%A9tier-d-actualit%C3%A9-!\">un article<\/a> pile sur ce sujet. Il \u00e9tait temps d&rsquo;\u00e9crire un post.<\/p>\n<p><!--more-->Il y a 9 ans lorsque j&rsquo;ai commenc\u00e9 ma formation, je passais mon temps a expliquer ce que voulais dire le \u00ab\u00a0terme\u00a0\u00bb concepteur multim\u00e9dia. J&rsquo;ai gard\u00e9 cette habitude, g\u00e9n\u00e9ralement lorsque je me pr\u00e9sente, je dis que je g\u00e8re des projets multim\u00e9dia. Puis j&rsquo;encha\u00eenes directement avec des exemples, je fais du web, de la vid\u00e9o. Je g\u00e8re des projets de sites, je r\u00e9alise des flyers, je tourne une vid\u00e9o. Je <strong>ne con\u00e7ois pas<\/strong> du multim\u00e9dia. Bien qu&rsquo;avec le temps, le nom du m\u00e9tier soit rentr\u00e9 dans la t\u00eate des gens.<\/p>\n<h2>Concepteur multim\u00e9dia, des directeurs artistiques?<\/h2>\n<p>A mon avis, la formation concepteur multim\u00e9dia, voulait former des <strong>directeurs artistiques multim\u00e9dia<\/strong> ou des\u00a0 chefs de projets. Un poil pr\u00e9tentieux pour des jeunes gens de 22 ans de se nommer comme tel&#8230; Je me demande si cette formation a toujours un sens. Les m\u00e9tiers du multim\u00e9dia se sont tellement d\u00e9velopp\u00e9s en 10 ans. Pour chaque branche vid\u00e9o\/web-designer\/web-code un niveau de comp\u00e9tences plus \u00e9lev\u00e9 est demand\u00e9. Ne faudrait-il pas plus de sp\u00e9cialisation? Des nouveaux m\u00e9tiers apparaissent chaque jour, vous en trouverez un aper\u00e7u sur l&rsquo;article de profession-web (article offline). En passant, on n&rsquo;y retrouve pas de r\u00e9f\u00e9rence au concepteur multim\u00e9dia.<\/p>\n<p>Concepteur multim\u00e9dia, un m\u00e9tier d\u00e9pass\u00e9? Ou plut\u00f4t un <strong>nom inad\u00e9quat<\/strong>? En anglais, ne dit-on pas multimedia designer? Petit tour sur Wikipedia:<\/p>\n<blockquote><p>\u00ab\u00a0Un designer est une personne qui con\u00e7oit un produit en harmonisant les crit\u00e8res esth\u00e9tiques et fonctionnels.\u00a0\u00bb\u00a0 <a href=\"http:\/\/fr.wikipedia.org\/wiki\/Designer\">Wikipedia<\/a><\/p><\/blockquote>\n<blockquote><p>\u00ab\u00a0Un concepteur est une personne qui imagine et r\u00e9alise quelque chose.\u00a0\u00bb <a href=\"http:\/\/fr.wikipedia.org\/wiki\/Concepteur\">Wikipedia<\/a><\/p><\/blockquote>\n<p>Je ne sais pas, mais \u00ab\u00a0designer en multim\u00e9dia\u00a0\u00bb ou \u00ab\u00a0multimedia designer\u00a0\u00bb sonne mieux \u00e0 mes oreilles. Et surtout inclu l&rsquo;id\u00e9e d&rsquo;esth\u00e9tique. nous n&rsquo;avons quand m\u00eame pas faire ces heures d&rsquo;histoire de l&rsquo;art, de graphisme et de typographie pour rien?<\/p>\n<p>Pour conclure, je pense que le m\u00e9tier <strong>existe dans les petites structures<\/strong> o\u00f9 l&rsquo;on a besoin d&#8217;employ\u00e9s polyvalents. Par contre je serais curieux de savoir s&rsquo;il existe, ne serait-ce qu&rsquo;un seul concepteur dans un grande entreprise de communication. Des exemples?<\/p>\n<p>Et vous les concepteurs, qu&rsquo;en pensez-vous? Quel est votre \u00ab\u00a0titre\u00a0\u00bb actuel? Vous pr\u00e9sentez-vous en tant que concepteur multim\u00e9dia?<\/p>\n","protected":false},"excerpt":{"rendered":"<p>En faisant, un petit runnnig ce weekend, je r\u00e9fl\u00e9chissais \u00e0 la formation de concepteur multim\u00e9dia que j&rsquo;avais effectu\u00e9e. Etait-ce vraiment une bonne id\u00e9e, qu&rsquo;en avais-je retir\u00e9, et surtout, le \u00ab\u00a0grand public\u00a0\u00bb comprenait-il vraiment ce terme? Et BANG, lundi matin, je vois un Tweet de Xavier pointant sur un article pile sur ce sujet. Il \u00e9tait&hellip;<\/p>\n","protected":false},"author":4,"featured_media":4886,"comment_status":"closed","ping_status":"closed","sticky":false,"template":"","format":"standard","meta":{"_acf_changed":false,"footnotes":""},"categories":[592],"tags":[],"class_list":["post-943","post","type-post","status-publish","format-standard","has-post-thumbnail","hentry","category-non-classifiee"],"acf":[],"yoast_head":"<!-- This site is optimized with the Yoast SEO plugin v27.4 - https:\/\/yoast.com\/product\/yoast-seo-wordpress\/ -->\n<title>Concepteur multim\u00e9dia, un m\u00e9tier d\u00e9pass\u00e9? Yann Graf<\/title>\n<meta name=\"description\" content=\"La formation concepteur multim\u00e9dia, voulait former des directeurs artistiques ou des chefs de projets. Un poil pr\u00e9tentieux pour des jeunes gens de 22 ans\" \/>\n<meta name=\"robots\" content=\"index, follow, max-snippet:-1, max-image-preview:large, max-video-preview:-1\" \/>\n<link rel=\"canonical\" href=\"https:\/\/www.yanngraf.com\/fr\/blog\/concepteur-multimedia-un-metier-depasse\/\" \/>\n<meta property=\"og:locale\" content=\"fr_FR\" \/>\n<meta property=\"og:type\" content=\"article\" \/>\n<meta property=\"og:title\" content=\"Concepteur multim\u00e9dia, un m\u00e9tier d\u00e9pass\u00e9? Yann Graf\" \/>\n<meta property=\"og:description\" content=\"La formation concepteur multim\u00e9dia, voulait former des directeurs artistiques ou des chefs de projets. Un poil pr\u00e9tentieux pour des jeunes gens de 22 ans\" \/>\n<meta property=\"og:url\" content=\"https:\/\/www.yanngraf.com\/fr\/blog\/concepteur-multimedia-un-metier-depasse\/\" \/>\n<meta property=\"og:site_name\" content=\"Yann Graf\" \/>\n<meta property=\"article:publisher\" content=\"https:\/\/www.facebook.com\/yanngrafcom\/\" \/>\n<meta property=\"article:author\" content=\"https:\/\/www.facebook.com\/yanngraf\" \/>\n<meta property=\"article:published_time\" content=\"2009-08-24T08:27:12+00:00\" \/>\n<meta property=\"article:modified_time\" content=\"2017-07-14T13:14:46+00:00\" \/>\n<meta property=\"og:image\" content=\"https:\/\/www.yanngraf.com\/wp-content\/uploads\/2009\/08\/business-girl-scaled.jpg\" \/>\n\t<meta property=\"og:image:width\" content=\"2560\" \/>\n\t<meta property=\"og:image:height\" content=\"1706\" \/>\n\t<meta property=\"og:image:type\" content=\"image\/jpeg\" \/>\n<meta name=\"author\" content=\"Yann Graf\" \/>\n<meta name=\"twitter:card\" content=\"summary_large_image\" \/>\n<meta name=\"twitter:creator\" content=\"@http:\/\/www.twitter.com\/yanngraf\" \/>\n<meta name=\"twitter:site\" content=\"@yanngraf\" \/>\n<meta name=\"twitter:label1\" content=\"\u00c9crit par\" \/>\n\t<meta name=\"twitter:data1\" content=\"Yann Graf\" \/>\n\t<meta name=\"twitter:label2\" content=\"Dur\u00e9e de lecture estim\u00e9e\" \/>\n\t<meta name=\"twitter:data2\" content=\"2 minutes\" \/>\n<script type=\"application\/ld+json\" class=\"yoast-schema-graph\">{\"@context\":\"https:\\\/\\\/schema.org\",\"@graph\":[{\"@type\":\"Article\",\"@id\":\"https:\\\/\\\/www.yanngraf.com\\\/fr\\\/blog\\\/concepteur-multimedia-un-metier-depasse\\\/#article\",\"isPartOf\":{\"@id\":\"https:\\\/\\\/www.yanngraf.com\\\/fr\\\/blog\\\/concepteur-multimedia-un-metier-depasse\\\/\"},\"author\":{\"name\":\"Yann Graf\",\"@id\":\"https:\\\/\\\/www.yanngraf.com\\\/fr\\\/#\\\/schema\\\/person\\\/cb6cc65295b564034642b1d8e38e0fd3\"},\"headline\":\"Concepteur multim\u00e9dia, un m\u00e9tier d\u00e9pass\u00e9?\",\"datePublished\":\"2009-08-24T08:27:12+00:00\",\"dateModified\":\"2017-07-14T13:14:46+00:00\",\"mainEntityOfPage\":{\"@id\":\"https:\\\/\\\/www.yanngraf.com\\\/fr\\\/blog\\\/concepteur-multimedia-un-metier-depasse\\\/\"},\"wordCount\":477,\"image\":{\"@id\":\"https:\\\/\\\/www.yanngraf.com\\\/fr\\\/blog\\\/concepteur-multimedia-un-metier-depasse\\\/#primaryimage\"},\"thumbnailUrl\":\"https:\\\/\\\/www.yanngraf.com\\\/wp-content\\\/uploads\\\/2009\\\/08\\\/business-girl-scaled.jpg\",\"articleSection\":[\"Non classifi\u00e9(e)\"],\"inLanguage\":\"fr-FR\"},{\"@type\":\"WebPage\",\"@id\":\"https:\\\/\\\/www.yanngraf.com\\\/fr\\\/blog\\\/concepteur-multimedia-un-metier-depasse\\\/\",\"url\":\"https:\\\/\\\/www.yanngraf.com\\\/fr\\\/blog\\\/concepteur-multimedia-un-metier-depasse\\\/\",\"name\":\"Concepteur multim\u00e9dia, un m\u00e9tier d\u00e9pass\u00e9? Yann Graf\",\"isPartOf\":{\"@id\":\"https:\\\/\\\/www.yanngraf.com\\\/fr\\\/#website\"},\"primaryImageOfPage\":{\"@id\":\"https:\\\/\\\/www.yanngraf.com\\\/fr\\\/blog\\\/concepteur-multimedia-un-metier-depasse\\\/#primaryimage\"},\"image\":{\"@id\":\"https:\\\/\\\/www.yanngraf.com\\\/fr\\\/blog\\\/concepteur-multimedia-un-metier-depasse\\\/#primaryimage\"},\"thumbnailUrl\":\"https:\\\/\\\/www.yanngraf.com\\\/wp-content\\\/uploads\\\/2009\\\/08\\\/business-girl-scaled.jpg\",\"datePublished\":\"2009-08-24T08:27:12+00:00\",\"dateModified\":\"2017-07-14T13:14:46+00:00\",\"author\":{\"@id\":\"https:\\\/\\\/www.yanngraf.com\\\/fr\\\/#\\\/schema\\\/person\\\/cb6cc65295b564034642b1d8e38e0fd3\"},\"description\":\"La formation concepteur multim\u00e9dia, voulait former des directeurs artistiques ou des chefs de projets. Un poil pr\u00e9tentieux pour des jeunes gens de 22 ans\",\"breadcrumb\":{\"@id\":\"https:\\\/\\\/www.yanngraf.com\\\/fr\\\/blog\\\/concepteur-multimedia-un-metier-depasse\\\/#breadcrumb\"},\"inLanguage\":\"fr-FR\",\"potentialAction\":[{\"@type\":\"ReadAction\",\"target\":[\"https:\\\/\\\/www.yanngraf.com\\\/fr\\\/blog\\\/concepteur-multimedia-un-metier-depasse\\\/\"]}]},{\"@type\":\"ImageObject\",\"inLanguage\":\"fr-FR\",\"@id\":\"https:\\\/\\\/www.yanngraf.com\\\/fr\\\/blog\\\/concepteur-multimedia-un-metier-depasse\\\/#primaryimage\",\"url\":\"https:\\\/\\\/www.yanngraf.com\\\/wp-content\\\/uploads\\\/2009\\\/08\\\/business-girl-scaled.jpg\",\"contentUrl\":\"https:\\\/\\\/www.yanngraf.com\\\/wp-content\\\/uploads\\\/2009\\\/08\\\/business-girl-scaled.jpg\",\"width\":2560,\"height\":1706,\"caption\":\"Cl\u00e9mentine Dauxerre par Eole \u2013 Flickr Creative Commons\"},{\"@type\":\"BreadcrumbList\",\"@id\":\"https:\\\/\\\/www.yanngraf.com\\\/fr\\\/blog\\\/concepteur-multimedia-un-metier-depasse\\\/#breadcrumb\",\"itemListElement\":[{\"@type\":\"ListItem\",\"position\":1,\"name\":\"Home\",\"item\":\"https:\\\/\\\/www.yanngraf.com\\\/fr\\\/\"},{\"@type\":\"ListItem\",\"position\":2,\"name\":\"Concepteur multim\u00e9dia, un m\u00e9tier d\u00e9pass\u00e9?\"}]},{\"@type\":\"WebSite\",\"@id\":\"https:\\\/\\\/www.yanngraf.com\\\/fr\\\/#website\",\"url\":\"https:\\\/\\\/www.yanngraf.com\\\/fr\\\/\",\"name\":\"Yann Graf\",\"description\":\"I&#039;m a Digital Project Manager from Switzerland\",\"potentialAction\":[{\"@type\":\"SearchAction\",\"target\":{\"@type\":\"EntryPoint\",\"urlTemplate\":\"https:\\\/\\\/www.yanngraf.com\\\/fr\\\/?s={search_term_string}\"},\"query-input\":{\"@type\":\"PropertyValueSpecification\",\"valueRequired\":true,\"valueName\":\"search_term_string\"}}],\"inLanguage\":\"fr-FR\"},{\"@type\":\"Person\",\"@id\":\"https:\\\/\\\/www.yanngraf.com\\\/fr\\\/#\\\/schema\\\/person\\\/cb6cc65295b564034642b1d8e38e0fd3\",\"name\":\"Yann Graf\",\"description\":\"I am an experienced Digital Strategy Consultant based in Switzerland. After over seven year respectfully crafting and improving the digital presence of Terre des hommes, Nautilus and G-Star Raw, I am now a freelancer. Please have a look at my Portfolio\",\"sameAs\":[\"http:\\\/\\\/www.yanngraf.com\",\"https:\\\/\\\/www.facebook.com\\\/yanngraf\",\"https:\\\/\\\/x.com\\\/http:\\\/\\\/www.twitter.com\\\/yanngraf\"]}]}<\/script>\n<!-- \/ Yoast SEO plugin. -->","yoast_head_json":{"title":"Concepteur multim\u00e9dia, un m\u00e9tier d\u00e9pass\u00e9? Yann Graf","description":"La formation concepteur multim\u00e9dia, voulait former des directeurs artistiques ou des chefs de projets. Un poil pr\u00e9tentieux pour des jeunes gens de 22 ans","robots":{"index":"index","follow":"follow","max-snippet":"max-snippet:-1","max-image-preview":"max-image-preview:large","max-video-preview":"max-video-preview:-1"},"canonical":"https:\/\/www.yanngraf.com\/fr\/blog\/concepteur-multimedia-un-metier-depasse\/","og_locale":"fr_FR","og_type":"article","og_title":"Concepteur multim\u00e9dia, un m\u00e9tier d\u00e9pass\u00e9? Yann Graf","og_description":"La formation concepteur multim\u00e9dia, voulait former des directeurs artistiques ou des chefs de projets. Un poil pr\u00e9tentieux pour des jeunes gens de 22 ans","og_url":"https:\/\/www.yanngraf.com\/fr\/blog\/concepteur-multimedia-un-metier-depasse\/","og_site_name":"Yann Graf","article_publisher":"https:\/\/www.facebook.com\/yanngrafcom\/","article_author":"https:\/\/www.facebook.com\/yanngraf","article_published_time":"2009-08-24T08:27:12+00:00","article_modified_time":"2017-07-14T13:14:46+00:00","og_image":[{"width":2560,"height":1706,"url":"https:\/\/www.yanngraf.com\/wp-content\/uploads\/2009\/08\/business-girl-scaled.jpg","type":"image\/jpeg"}],"author":"Yann Graf","twitter_card":"summary_large_image","twitter_creator":"@http:\/\/www.twitter.com\/yanngraf","twitter_site":"@yanngraf","twitter_misc":{"\u00c9crit par":"Yann Graf","Dur\u00e9e de lecture estim\u00e9e":"2 minutes"},"schema":{"@context":"https:\/\/schema.org","@graph":[{"@type":"Article","@id":"https:\/\/www.yanngraf.com\/fr\/blog\/concepteur-multimedia-un-metier-depasse\/#article","isPartOf":{"@id":"https:\/\/www.yanngraf.com\/fr\/blog\/concepteur-multimedia-un-metier-depasse\/"},"author":{"name":"Yann Graf","@id":"https:\/\/www.yanngraf.com\/fr\/#\/schema\/person\/cb6cc65295b564034642b1d8e38e0fd3"},"headline":"Concepteur multim\u00e9dia, un m\u00e9tier d\u00e9pass\u00e9?","datePublished":"2009-08-24T08:27:12+00:00","dateModified":"2017-07-14T13:14:46+00:00","mainEntityOfPage":{"@id":"https:\/\/www.yanngraf.com\/fr\/blog\/concepteur-multimedia-un-metier-depasse\/"},"wordCount":477,"image":{"@id":"https:\/\/www.yanngraf.com\/fr\/blog\/concepteur-multimedia-un-metier-depasse\/#primaryimage"},"thumbnailUrl":"https:\/\/www.yanngraf.com\/wp-content\/uploads\/2009\/08\/business-girl-scaled.jpg","articleSection":["Non classifi\u00e9(e)"],"inLanguage":"fr-FR"},{"@type":"WebPage","@id":"https:\/\/www.yanngraf.com\/fr\/blog\/concepteur-multimedia-un-metier-depasse\/","url":"https:\/\/www.yanngraf.com\/fr\/blog\/concepteur-multimedia-un-metier-depasse\/","name":"Concepteur multim\u00e9dia, un m\u00e9tier d\u00e9pass\u00e9? Yann Graf","isPartOf":{"@id":"https:\/\/www.yanngraf.com\/fr\/#website"},"primaryImageOfPage":{"@id":"https:\/\/www.yanngraf.com\/fr\/blog\/concepteur-multimedia-un-metier-depasse\/#primaryimage"},"image":{"@id":"https:\/\/www.yanngraf.com\/fr\/blog\/concepteur-multimedia-un-metier-depasse\/#primaryimage"},"thumbnailUrl":"https:\/\/www.yanngraf.com\/wp-content\/uploads\/2009\/08\/business-girl-scaled.jpg","datePublished":"2009-08-24T08:27:12+00:00","dateModified":"2017-07-14T13:14:46+00:00","author":{"@id":"https:\/\/www.yanngraf.com\/fr\/#\/schema\/person\/cb6cc65295b564034642b1d8e38e0fd3"},"description":"La formation concepteur multim\u00e9dia, voulait former des directeurs artistiques ou des chefs de projets. Un poil pr\u00e9tentieux pour des jeunes gens de 22 ans","breadcrumb":{"@id":"https:\/\/www.yanngraf.com\/fr\/blog\/concepteur-multimedia-un-metier-depasse\/#breadcrumb"},"inLanguage":"fr-FR","potentialAction":[{"@type":"ReadAction","target":["https:\/\/www.yanngraf.com\/fr\/blog\/concepteur-multimedia-un-metier-depasse\/"]}]},{"@type":"ImageObject","inLanguage":"fr-FR","@id":"https:\/\/www.yanngraf.com\/fr\/blog\/concepteur-multimedia-un-metier-depasse\/#primaryimage","url":"https:\/\/www.yanngraf.com\/wp-content\/uploads\/2009\/08\/business-girl-scaled.jpg","contentUrl":"https:\/\/www.yanngraf.com\/wp-content\/uploads\/2009\/08\/business-girl-scaled.jpg","width":2560,"height":1706,"caption":"Cl\u00e9mentine Dauxerre par Eole \u2013 Flickr Creative Commons"},{"@type":"BreadcrumbList","@id":"https:\/\/www.yanngraf.com\/fr\/blog\/concepteur-multimedia-un-metier-depasse\/#breadcrumb","itemListElement":[{"@type":"ListItem","position":1,"name":"Home","item":"https:\/\/www.yanngraf.com\/fr\/"},{"@type":"ListItem","position":2,"name":"Concepteur multim\u00e9dia, un m\u00e9tier d\u00e9pass\u00e9?"}]},{"@type":"WebSite","@id":"https:\/\/www.yanngraf.com\/fr\/#website","url":"https:\/\/www.yanngraf.com\/fr\/","name":"Yann Graf","description":"I&#039;m a Digital Project Manager from Switzerland","potentialAction":[{"@type":"SearchAction","target":{"@type":"EntryPoint","urlTemplate":"https:\/\/www.yanngraf.com\/fr\/?s={search_term_string}"},"query-input":{"@type":"PropertyValueSpecification","valueRequired":true,"valueName":"search_term_string"}}],"inLanguage":"fr-FR"},{"@type":"Person","@id":"https:\/\/www.yanngraf.com\/fr\/#\/schema\/person\/cb6cc65295b564034642b1d8e38e0fd3","name":"Yann Graf","description":"I am an experienced Digital Strategy Consultant based in Switzerland. After over seven year respectfully crafting and improving the digital presence of Terre des hommes, Nautilus and G-Star Raw, I am now a freelancer. Please have a look at my Portfolio","sameAs":["http:\/\/www.yanngraf.com","https:\/\/www.facebook.com\/yanngraf","https:\/\/x.com\/http:\/\/www.twitter.com\/yanngraf"]}]}},"_links":{"self":[{"href":"https:\/\/www.yanngraf.com\/fr\/wp-json\/wp\/v2\/posts\/943","targetHints":{"allow":["GET"]}}],"collection":[{"href":"https:\/\/www.yanngraf.com\/fr\/wp-json\/wp\/v2\/posts"}],"about":[{"href":"https:\/\/www.yanngraf.com\/fr\/wp-json\/wp\/v2\/types\/post"}],"author":[{"embeddable":true,"href":"https:\/\/www.yanngraf.com\/fr\/wp-json\/wp\/v2\/users\/4"}],"replies":[{"embeddable":true,"href":"https:\/\/www.yanngraf.com\/fr\/wp-json\/wp\/v2\/comments?post=943"}],"version-history":[{"count":0,"href":"https:\/\/www.yanngraf.com\/fr\/wp-json\/wp\/v2\/posts\/943\/revisions"}],"wp:featuredmedia":[{"embeddable":true,"href":"https:\/\/www.yanngraf.com\/fr\/wp-json\/wp\/v2\/media\/4886"}],"wp:attachment":[{"href":"https:\/\/www.yanngraf.com\/fr\/wp-json\/wp\/v2\/media?parent=943"}],"wp:term":[{"taxonomy":"category","embeddable":true,"href":"https:\/\/www.yanngraf.com\/fr\/wp-json\/wp\/v2\/categories?post=943"},{"taxonomy":"post_tag","embeddable":true,"href":"https:\/\/www.yanngraf.com\/fr\/wp-json\/wp\/v2\/tags?post=943"}],"curies":[{"name":"wp","href":"https:\/\/api.w.org\/{rel}","templated":true}]}}