{"id":3148,"date":"2012-10-28T15:13:04","date_gmt":"2012-10-28T13:13:04","guid":{"rendered":"http:\/\/www.yanngraf.com\/2012\/05\/13\/"},"modified":"2017-07-14T13:26:19","modified_gmt":"2017-07-14T11:26:19","slug":"trouver-job-dans-la-communication-en-suisse","status":"publish","type":"post","link":"https:\/\/www.yanngraf.com\/fr\/blog\/trouver-job-dans-la-communication-en-suisse\/","title":{"rendered":"Trouver un job dans la communication en Suisse"},"content":{"rendered":"<p>Apr\u00e8s un post sur <a href=\"http:\/\/www.yanngraf.com\/2012\/04\/25\/trouver-un-job-vert-en-suisse\/\">emploi vert<\/a> en Suisse, je voulais me pencher sur les jobs dans la communication. Eh ouais, par d\u00e9faut c&rsquo;est 2 domaines qui int\u00e9ressent la plupart des dipl\u00f4m\u00e9s en \u00ab\u00a0communication en environnement\u00a0\u00bb.<\/p>\n<p><!--more--><\/p>\n<p>Donc pour commencer, si vous chercher un emploi dans la comm&rsquo; en Suisse, passez par la case <a href=\"http:\/\/www.sawi.com\/fr\/\">SAWI<\/a> (cette formation est quand m\u00eame requise dans la plupart des offres d&#8217;emploi dans la communication). Et apr\u00e8s, il voici une liste d&rsquo;id\u00e9es par o\u00f9 commencer votre recherche.<\/p>\n<ul>\n<li><a href=\"http:\/\/www.persoenlich.com\/stellenmarkt\/\">Persoenlich<\/a>: LE portail suisse de la communication<\/li>\n<li><a href=\"http:\/\/www.cominmag.ch\/categorie\/emploi\/\">CominMag:<\/a> LE portail suisse romande de la communication<\/li>\n<li><a href=\"http:\/\/www.spri.ch\/fr\/emploi\/offres-demploi.html\">Institut Suisse des relations publiques<\/a> (merci <a href=\"http:\/\/twitter.com\/joanabo\">@joanabo<\/a>)<\/li>\n<li><a href=\"http:\/\/www.srrp.ch\/news\/jobs\">Soci\u00e9t\u00e9 Romande de Relations Publique<\/a><\/li>\n<li>Le site incompr\u00e9hensible de<a href=\"http:\/\/www.sfj-ajs.ch\/wp\/fr\/home_fr\/\"> l&rsquo;association suisse des journalistes sp\u00e9cialis\u00e9s<\/a><\/li>\n<\/ul>\n<p>Autrement vous pouvez toujours visiter<a href=\"http:\/\/www.linkedin.com\/jsearch\"> Linkedin<\/a>, <a href=\"http:\/\/www.jobup.ch\/\">JobUp<\/a> et <a href=\"http:\/\/www.indeed.ch\/\">Indeed<\/a>.<\/p>\n<p>Et vous, avez-vous des bons plans? Comment feriez vous?<\/p>\n","protected":false},"excerpt":{"rendered":"<p>Apr\u00e8s un post sur emploi vert en Suisse, je voulais me pencher sur les jobs dans la communication. Eh ouais, par d\u00e9faut c&rsquo;est 2 domaines qui int\u00e9ressent la plupart des dipl\u00f4m\u00e9s en \u00ab\u00a0communication en environnement\u00a0\u00bb. <\/p>\n","protected":false},"author":4,"featured_media":4707,"comment_status":"closed","ping_status":"closed","sticky":false,"template":"","format":"standard","meta":{"_acf_changed":false,"footnotes":""},"categories":[592],"tags":[],"class_list":["post-3148","post","type-post","status-publish","format-standard","has-post-thumbnail","hentry","category-non-classifiee"],"acf":[],"yoast_head":"<!-- This site is optimized with the Yoast SEO plugin v27.5 - https:\/\/yoast.com\/product\/yoast-seo-wordpress\/ -->\n<title>Trouver un job dans la communication en Suisse Romande<\/title>\n<meta name=\"description\" content=\"Apr\u00e8s un post sur emploi vert en Suisse, je voulais me pencher sur les jobs dans la communication en Suisse Romande.\" \/>\n<meta name=\"robots\" content=\"index, follow, max-snippet:-1, max-image-preview:large, max-video-preview:-1\" \/>\n<link rel=\"canonical\" href=\"https:\/\/www.yanngraf.com\/fr\/blog\/trouver-job-dans-la-communication-en-suisse\/\" \/>\n<meta property=\"og:locale\" content=\"fr_FR\" \/>\n<meta property=\"og:type\" content=\"article\" \/>\n<meta property=\"og:title\" content=\"Trouver un job dans la communication en Suisse Romande\" \/>\n<meta property=\"og:description\" content=\"Apr\u00e8s un post sur emploi vert en Suisse, je voulais me pencher sur les jobs dans la communication en Suisse Romande.\" \/>\n<meta property=\"og:url\" content=\"https:\/\/www.yanngraf.com\/fr\/blog\/trouver-job-dans-la-communication-en-suisse\/\" \/>\n<meta property=\"og:site_name\" content=\"Yann Graf\" \/>\n<meta property=\"article:publisher\" content=\"https:\/\/www.facebook.com\/yanngrafcom\/\" \/>\n<meta property=\"article:author\" content=\"https:\/\/www.facebook.com\/yanngraf\" \/>\n<meta property=\"article:published_time\" content=\"2012-10-28T13:13:04+00:00\" \/>\n<meta property=\"article:modified_time\" content=\"2017-07-14T11:26:19+00:00\" \/>\n<meta property=\"og:image\" content=\"https:\/\/www.yanngraf.com\/wp-content\/uploads\/2012\/10\/communication-job1.jpg\" \/>\n\t<meta property=\"og:image:width\" content=\"750\" \/>\n\t<meta property=\"og:image:height\" content=\"510\" \/>\n\t<meta property=\"og:image:type\" content=\"image\/jpeg\" \/>\n<meta name=\"author\" content=\"Yann Graf\" \/>\n<meta name=\"twitter:card\" content=\"summary_large_image\" \/>\n<meta name=\"twitter:creator\" content=\"@http:\/\/www.twitter.com\/yanngraf\" \/>\n<meta name=\"twitter:site\" content=\"@yanngraf\" \/>\n<meta name=\"twitter:label1\" content=\"\u00c9crit par\" \/>\n\t<meta name=\"twitter:data1\" content=\"Yann Graf\" \/>\n\t<meta name=\"twitter:label2\" content=\"Dur\u00e9e de lecture estim\u00e9e\" \/>\n\t<meta name=\"twitter:data2\" content=\"1 minute\" \/>\n<script type=\"application\/ld+json\" class=\"yoast-schema-graph\">{\"@context\":\"https:\\\/\\\/schema.org\",\"@graph\":[{\"@type\":\"Article\",\"@id\":\"https:\\\/\\\/www.yanngraf.com\\\/fr\\\/blog\\\/trouver-job-dans-la-communication-en-suisse\\\/#article\",\"isPartOf\":{\"@id\":\"https:\\\/\\\/www.yanngraf.com\\\/fr\\\/blog\\\/trouver-job-dans-la-communication-en-suisse\\\/\"},\"author\":{\"name\":\"Yann Graf\",\"@id\":\"https:\\\/\\\/www.yanngraf.com\\\/fr\\\/#\\\/schema\\\/person\\\/cb6cc65295b564034642b1d8e38e0fd3\"},\"headline\":\"Trouver un job dans la communication en Suisse\",\"datePublished\":\"2012-10-28T13:13:04+00:00\",\"dateModified\":\"2017-07-14T11:26:19+00:00\",\"mainEntityOfPage\":{\"@id\":\"https:\\\/\\\/www.yanngraf.com\\\/fr\\\/blog\\\/trouver-job-dans-la-communication-en-suisse\\\/\"},\"wordCount\":157,\"image\":{\"@id\":\"https:\\\/\\\/www.yanngraf.com\\\/fr\\\/blog\\\/trouver-job-dans-la-communication-en-suisse\\\/#primaryimage\"},\"thumbnailUrl\":\"https:\\\/\\\/www.yanngraf.com\\\/wp-content\\\/uploads\\\/2012\\\/10\\\/communication-job1.jpg\",\"articleSection\":[\"Non classifi\u00e9(e)\"],\"inLanguage\":\"fr-FR\"},{\"@type\":\"WebPage\",\"@id\":\"https:\\\/\\\/www.yanngraf.com\\\/fr\\\/blog\\\/trouver-job-dans-la-communication-en-suisse\\\/\",\"url\":\"https:\\\/\\\/www.yanngraf.com\\\/fr\\\/blog\\\/trouver-job-dans-la-communication-en-suisse\\\/\",\"name\":\"Trouver un job dans la communication en Suisse Romande\",\"isPartOf\":{\"@id\":\"https:\\\/\\\/www.yanngraf.com\\\/fr\\\/#website\"},\"primaryImageOfPage\":{\"@id\":\"https:\\\/\\\/www.yanngraf.com\\\/fr\\\/blog\\\/trouver-job-dans-la-communication-en-suisse\\\/#primaryimage\"},\"image\":{\"@id\":\"https:\\\/\\\/www.yanngraf.com\\\/fr\\\/blog\\\/trouver-job-dans-la-communication-en-suisse\\\/#primaryimage\"},\"thumbnailUrl\":\"https:\\\/\\\/www.yanngraf.com\\\/wp-content\\\/uploads\\\/2012\\\/10\\\/communication-job1.jpg\",\"datePublished\":\"2012-10-28T13:13:04+00:00\",\"dateModified\":\"2017-07-14T11:26:19+00:00\",\"author\":{\"@id\":\"https:\\\/\\\/www.yanngraf.com\\\/fr\\\/#\\\/schema\\\/person\\\/cb6cc65295b564034642b1d8e38e0fd3\"},\"description\":\"Apr\u00e8s un post sur emploi vert en Suisse, je voulais me pencher sur les jobs dans la communication en Suisse Romande.\",\"breadcrumb\":{\"@id\":\"https:\\\/\\\/www.yanngraf.com\\\/fr\\\/blog\\\/trouver-job-dans-la-communication-en-suisse\\\/#breadcrumb\"},\"inLanguage\":\"fr-FR\",\"potentialAction\":[{\"@type\":\"ReadAction\",\"target\":[\"https:\\\/\\\/www.yanngraf.com\\\/fr\\\/blog\\\/trouver-job-dans-la-communication-en-suisse\\\/\"]}]},{\"@type\":\"ImageObject\",\"inLanguage\":\"fr-FR\",\"@id\":\"https:\\\/\\\/www.yanngraf.com\\\/fr\\\/blog\\\/trouver-job-dans-la-communication-en-suisse\\\/#primaryimage\",\"url\":\"https:\\\/\\\/www.yanngraf.com\\\/wp-content\\\/uploads\\\/2012\\\/10\\\/communication-job1.jpg\",\"contentUrl\":\"https:\\\/\\\/www.yanngraf.com\\\/wp-content\\\/uploads\\\/2012\\\/10\\\/communication-job1.jpg\",\"width\":750,\"height\":510},{\"@type\":\"BreadcrumbList\",\"@id\":\"https:\\\/\\\/www.yanngraf.com\\\/fr\\\/blog\\\/trouver-job-dans-la-communication-en-suisse\\\/#breadcrumb\",\"itemListElement\":[{\"@type\":\"ListItem\",\"position\":1,\"name\":\"Home\",\"item\":\"https:\\\/\\\/www.yanngraf.com\\\/fr\\\/\"},{\"@type\":\"ListItem\",\"position\":2,\"name\":\"Trouver un job dans la communication en Suisse\"}]},{\"@type\":\"WebSite\",\"@id\":\"https:\\\/\\\/www.yanngraf.com\\\/fr\\\/#website\",\"url\":\"https:\\\/\\\/www.yanngraf.com\\\/fr\\\/\",\"name\":\"Yann Graf\",\"description\":\"I&#039;m a Digital Project Manager from Switzerland\",\"potentialAction\":[{\"@type\":\"SearchAction\",\"target\":{\"@type\":\"EntryPoint\",\"urlTemplate\":\"https:\\\/\\\/www.yanngraf.com\\\/fr\\\/?s={search_term_string}\"},\"query-input\":{\"@type\":\"PropertyValueSpecification\",\"valueRequired\":true,\"valueName\":\"search_term_string\"}}],\"inLanguage\":\"fr-FR\"},{\"@type\":\"Person\",\"@id\":\"https:\\\/\\\/www.yanngraf.com\\\/fr\\\/#\\\/schema\\\/person\\\/cb6cc65295b564034642b1d8e38e0fd3\",\"name\":\"Yann Graf\",\"description\":\"I am an experienced Digital Strategy Consultant based in Switzerland. After over seven year respectfully crafting and improving the digital presence of Terre des hommes, Nautilus and G-Star Raw, I am now a freelancer. Please have a look at my Portfolio\",\"sameAs\":[\"http:\\\/\\\/www.yanngraf.com\",\"https:\\\/\\\/www.facebook.com\\\/yanngraf\",\"https:\\\/\\\/x.com\\\/http:\\\/\\\/www.twitter.com\\\/yanngraf\"]}]}<\/script>\n<!-- \/ Yoast SEO plugin. -->","yoast_head_json":{"title":"Trouver un job dans la communication en Suisse Romande","description":"Apr\u00e8s un post sur emploi vert en Suisse, je voulais me pencher sur les jobs dans la communication en Suisse Romande.","robots":{"index":"index","follow":"follow","max-snippet":"max-snippet:-1","max-image-preview":"max-image-preview:large","max-video-preview":"max-video-preview:-1"},"canonical":"https:\/\/www.yanngraf.com\/fr\/blog\/trouver-job-dans-la-communication-en-suisse\/","og_locale":"fr_FR","og_type":"article","og_title":"Trouver un job dans la communication en Suisse Romande","og_description":"Apr\u00e8s un post sur emploi vert en Suisse, je voulais me pencher sur les jobs dans la communication en Suisse Romande.","og_url":"https:\/\/www.yanngraf.com\/fr\/blog\/trouver-job-dans-la-communication-en-suisse\/","og_site_name":"Yann Graf","article_publisher":"https:\/\/www.facebook.com\/yanngrafcom\/","article_author":"https:\/\/www.facebook.com\/yanngraf","article_published_time":"2012-10-28T13:13:04+00:00","article_modified_time":"2017-07-14T11:26:19+00:00","og_image":[{"width":750,"height":510,"url":"https:\/\/www.yanngraf.com\/wp-content\/uploads\/2012\/10\/communication-job1.jpg","type":"image\/jpeg"}],"author":"Yann Graf","twitter_card":"summary_large_image","twitter_creator":"@http:\/\/www.twitter.com\/yanngraf","twitter_site":"@yanngraf","twitter_misc":{"\u00c9crit par":"Yann Graf","Dur\u00e9e de lecture estim\u00e9e":"1 minute"},"schema":{"@context":"https:\/\/schema.org","@graph":[{"@type":"Article","@id":"https:\/\/www.yanngraf.com\/fr\/blog\/trouver-job-dans-la-communication-en-suisse\/#article","isPartOf":{"@id":"https:\/\/www.yanngraf.com\/fr\/blog\/trouver-job-dans-la-communication-en-suisse\/"},"author":{"name":"Yann Graf","@id":"https:\/\/www.yanngraf.com\/fr\/#\/schema\/person\/cb6cc65295b564034642b1d8e38e0fd3"},"headline":"Trouver un job dans la communication en Suisse","datePublished":"2012-10-28T13:13:04+00:00","dateModified":"2017-07-14T11:26:19+00:00","mainEntityOfPage":{"@id":"https:\/\/www.yanngraf.com\/fr\/blog\/trouver-job-dans-la-communication-en-suisse\/"},"wordCount":157,"image":{"@id":"https:\/\/www.yanngraf.com\/fr\/blog\/trouver-job-dans-la-communication-en-suisse\/#primaryimage"},"thumbnailUrl":"https:\/\/www.yanngraf.com\/wp-content\/uploads\/2012\/10\/communication-job1.jpg","articleSection":["Non classifi\u00e9(e)"],"inLanguage":"fr-FR"},{"@type":"WebPage","@id":"https:\/\/www.yanngraf.com\/fr\/blog\/trouver-job-dans-la-communication-en-suisse\/","url":"https:\/\/www.yanngraf.com\/fr\/blog\/trouver-job-dans-la-communication-en-suisse\/","name":"Trouver un job dans la communication en Suisse Romande","isPartOf":{"@id":"https:\/\/www.yanngraf.com\/fr\/#website"},"primaryImageOfPage":{"@id":"https:\/\/www.yanngraf.com\/fr\/blog\/trouver-job-dans-la-communication-en-suisse\/#primaryimage"},"image":{"@id":"https:\/\/www.yanngraf.com\/fr\/blog\/trouver-job-dans-la-communication-en-suisse\/#primaryimage"},"thumbnailUrl":"https:\/\/www.yanngraf.com\/wp-content\/uploads\/2012\/10\/communication-job1.jpg","datePublished":"2012-10-28T13:13:04+00:00","dateModified":"2017-07-14T11:26:19+00:00","author":{"@id":"https:\/\/www.yanngraf.com\/fr\/#\/schema\/person\/cb6cc65295b564034642b1d8e38e0fd3"},"description":"Apr\u00e8s un post sur emploi vert en Suisse, je voulais me pencher sur les jobs dans la communication en Suisse Romande.","breadcrumb":{"@id":"https:\/\/www.yanngraf.com\/fr\/blog\/trouver-job-dans-la-communication-en-suisse\/#breadcrumb"},"inLanguage":"fr-FR","potentialAction":[{"@type":"ReadAction","target":["https:\/\/www.yanngraf.com\/fr\/blog\/trouver-job-dans-la-communication-en-suisse\/"]}]},{"@type":"ImageObject","inLanguage":"fr-FR","@id":"https:\/\/www.yanngraf.com\/fr\/blog\/trouver-job-dans-la-communication-en-suisse\/#primaryimage","url":"https:\/\/www.yanngraf.com\/wp-content\/uploads\/2012\/10\/communication-job1.jpg","contentUrl":"https:\/\/www.yanngraf.com\/wp-content\/uploads\/2012\/10\/communication-job1.jpg","width":750,"height":510},{"@type":"BreadcrumbList","@id":"https:\/\/www.yanngraf.com\/fr\/blog\/trouver-job-dans-la-communication-en-suisse\/#breadcrumb","itemListElement":[{"@type":"ListItem","position":1,"name":"Home","item":"https:\/\/www.yanngraf.com\/fr\/"},{"@type":"ListItem","position":2,"name":"Trouver un job dans la communication en Suisse"}]},{"@type":"WebSite","@id":"https:\/\/www.yanngraf.com\/fr\/#website","url":"https:\/\/www.yanngraf.com\/fr\/","name":"Yann Graf","description":"I&#039;m a Digital Project Manager from Switzerland","potentialAction":[{"@type":"SearchAction","target":{"@type":"EntryPoint","urlTemplate":"https:\/\/www.yanngraf.com\/fr\/?s={search_term_string}"},"query-input":{"@type":"PropertyValueSpecification","valueRequired":true,"valueName":"search_term_string"}}],"inLanguage":"fr-FR"},{"@type":"Person","@id":"https:\/\/www.yanngraf.com\/fr\/#\/schema\/person\/cb6cc65295b564034642b1d8e38e0fd3","name":"Yann Graf","description":"I am an experienced Digital Strategy Consultant based in Switzerland. After over seven year respectfully crafting and improving the digital presence of Terre des hommes, Nautilus and G-Star Raw, I am now a freelancer. Please have a look at my Portfolio","sameAs":["http:\/\/www.yanngraf.com","https:\/\/www.facebook.com\/yanngraf","https:\/\/x.com\/http:\/\/www.twitter.com\/yanngraf"]}]}},"_links":{"self":[{"href":"https:\/\/www.yanngraf.com\/fr\/wp-json\/wp\/v2\/posts\/3148","targetHints":{"allow":["GET"]}}],"collection":[{"href":"https:\/\/www.yanngraf.com\/fr\/wp-json\/wp\/v2\/posts"}],"about":[{"href":"https:\/\/www.yanngraf.com\/fr\/wp-json\/wp\/v2\/types\/post"}],"author":[{"embeddable":true,"href":"https:\/\/www.yanngraf.com\/fr\/wp-json\/wp\/v2\/users\/4"}],"replies":[{"embeddable":true,"href":"https:\/\/www.yanngraf.com\/fr\/wp-json\/wp\/v2\/comments?post=3148"}],"version-history":[{"count":0,"href":"https:\/\/www.yanngraf.com\/fr\/wp-json\/wp\/v2\/posts\/3148\/revisions"}],"wp:featuredmedia":[{"embeddable":true,"href":"https:\/\/www.yanngraf.com\/fr\/wp-json\/wp\/v2\/media\/4707"}],"wp:attachment":[{"href":"https:\/\/www.yanngraf.com\/fr\/wp-json\/wp\/v2\/media?parent=3148"}],"wp:term":[{"taxonomy":"category","embeddable":true,"href":"https:\/\/www.yanngraf.com\/fr\/wp-json\/wp\/v2\/categories?post=3148"},{"taxonomy":"post_tag","embeddable":true,"href":"https:\/\/www.yanngraf.com\/fr\/wp-json\/wp\/v2\/tags?post=3148"}],"curies":[{"name":"wp","href":"https:\/\/api.w.org\/{rel}","templated":true}]}}