{"id":3117,"date":"2013-03-22T12:25:36","date_gmt":"2013-03-22T10:25:36","guid":{"rendered":"http:\/\/www.yanngraf.com\/2012\/05\/08\/"},"modified":"2017-07-14T17:22:44","modified_gmt":"2017-07-14T15:22:44","slug":"posters-amnesty-international","status":"publish","type":"post","link":"https:\/\/www.yanngraf.com\/fr\/blog\/posters-amnesty-international\/","title":{"rendered":"POSTERS: Amnesty International"},"content":{"rendered":"<p>Voici le quatri\u00e8me article de la s\u00e9rie \u00ab\u00a0POSTERS\u00a0\u00bb qui regroupe en vrac des affiches d&rsquo;un organisme s\u00e9lectionn\u00e9 (ici Amnesty International). Dans l&rsquo;id\u00e9e que \u00e7a vous serve d&rsquo;inspiration, d&rsquo;interm\u00e8de. <a href=\"https:\/\/www.yanngraf.com\/fr\/blog\/posters-unicef\/\">Le premier post<\/a> de la s\u00e9rie reprenait des visuels d&rsquo;Unicef.<\/p>\n<p><a href=\"http:\/\/www.yanngraf.com\/wp-content\/uploads\/2012\/05\/amnesty_international_death_penalty.jpg\" rel=\"magnific\"><img decoding=\"async\" class=\"alignnone size-medium wp-image-3121\" title=\"amnesty_international_death_penalty\" src=\"http:\/\/www.yanngraf.com\/wp-content\/uploads\/2012\/05\/amnesty_international_death_penalty-520x355.jpg\" alt=\"Affiche Amnesty International\" width=\"520\" height=\"355\" \/><\/a><\/p>\n<p><!--more--><\/p>\n<p><img decoding=\"async\" src=\"http:\/\/www.yanngraf.com\/wp-content\/uploads\/2012\/05\/amnesty_cake_brown-520x363.jpg\" alt=\"Affiche Amnesty International\" width=\"520\" height=\"363\" \/><\/p>\n<p>Les 2 affiches suivantes sont pleines d&rsquo;humour mais le message reste tr\u00e8s fort: 50 years together with your cutting down the voice of oppression.<\/p>\n<p><a href=\"http:\/\/www.yanngraf.com\/wp-content\/uploads\/2012\/05\/castro-amnesty-international.jpg\" rel=\"magnific\"><img decoding=\"async\" class=\"alignnone size-medium wp-image-3122\" title=\"castro-amnesty-international\" src=\"http:\/\/www.yanngraf.com\/wp-content\/uploads\/2012\/05\/castro-amnesty-international-520x367.jpg\" alt=\"Affiche Amnesty International\" width=\"520\" height=\"367\" \/><\/a><\/p>\n<p><a href=\"http:\/\/www.yanngraf.com\/wp-content\/uploads\/2012\/05\/lukashenko-amnesty-international.jpg\" rel=\"magnific\"><img decoding=\"async\" class=\"alignnone size-medium wp-image-3123\" title=\"lukashenko-amnesty-international\" src=\"http:\/\/www.yanngraf.com\/wp-content\/uploads\/2012\/05\/lukashenko-amnesty-international-520x367.jpg\" alt=\"Affiche Amnesty International - Lukshenko\" width=\"520\" height=\"367\" \/><\/a><\/p>\n<p>&nbsp;<\/p>\n<p>La vid\u00e9o qui va avec cette affiche est tr\u00e8s forte je trouve. Elle donne la chair de poule quand on la regarde. Je vous propose de la d\u00e9couvrir sur\u00a0<a href=\"https:\/\/www.yanngraf.com\/fr\/blog\/spots-intitutionnels-ong-ngo\/\">ce post pr\u00e9c\u00e9dent<\/a>.<\/p>\n<p><a href=\"http:\/\/www.yanngraf.com\/wp-content\/uploads\/2012\/05\/affiche_peloton_300_2248.jpg\" rel=\"magnific\"><img decoding=\"async\" class=\"alignnone size-medium wp-image-3124\" title=\"affiche_peloton_300_2248\" src=\"http:\/\/www.yanngraf.com\/wp-content\/uploads\/2012\/05\/affiche_peloton_300_2248-520x389.jpg\" alt=\"Affiche Amnesty International\" width=\"520\" height=\"389\" \/><\/a><\/p>\n<p><img decoding=\"async\" class=\"alignnone size-medium wp-image-3678\" src=\"http:\/\/www.yanngraf.com\/wp-content\/uploads\/2012\/05\/amnesty_3-520x353.jpg\" alt=\"Posters Amnesty International\" width=\"520\" height=\"353\" \/><\/p>\n<p>J&rsquo;ai bien l&rsquo;esth\u00e9tique Eboy de l&rsquo;image ci-dessous. <a href=\"http:\/\/www.yanngraf.com\/wp-content\/uploads\/2013\/03\/Eboy-amnesty.png\" rel=\"magnific\" target=\"_blank\" rel=\"noopener\">Cliquez ici pour l&rsquo;agrandir<\/a> et voir ainsi tous les d\u00e9tails qu&rsquo;elle contient.<\/p>\n<p><img decoding=\"async\" class=\"alignnone size-medium wp-image-3683\" src=\"http:\/\/www.yanngraf.com\/wp-content\/uploads\/2012\/05\/AOA-amnesty-28.1t1-520x367.png\" alt=\"Affiche Amnesty International\" width=\"520\" height=\"367\" \/><\/p>\n<p><img decoding=\"async\" class=\"alignnone size-medium wp-image-3682\" src=\"http:\/\/www.yanngraf.com\/wp-content\/uploads\/2012\/05\/Amnesty-Leg-Ad-520x724.jpg\" alt=\"Affiche Amnesty International\" width=\"520\" height=\"724\" \/><\/p>\n<p><img decoding=\"async\" class=\"alignnone size-medium wp-image-3681\" src=\"http:\/\/www.yanngraf.com\/wp-content\/uploads\/2012\/05\/amnesty_poster_1_by_owen2k7-d4n9dwp-520x735.jpg\" alt=\"Affiche Amnesty International\" width=\"520\" height=\"735\" \/><\/p>\n<p><img decoding=\"async\" class=\"alignnone size-medium wp-image-3686\" src=\"http:\/\/www.yanngraf.com\/wp-content\/uploads\/2012\/05\/amnesty_feltit1-520x834.jpg\" alt=\"Affiche Amnesty International\" width=\"520\" height=\"834\" \/><\/p>\n<p>&nbsp;<\/p>\n<p><img decoding=\"async\" class=\"alignnone size-medium wp-image-3677\" src=\"http:\/\/www.yanngraf.com\/wp-content\/uploads\/2012\/05\/amnesty_2-520x353.jpg\" alt=\"Affiche Amnesty International\" width=\"520\" height=\"353\" \/><\/p>\n<p>Amnesty avait lanc\u00e9 la campagne ci dessous dans le cadre des jeux olymiques de P\u00e9kin.<\/p>\n<p><img decoding=\"async\" class=\"alignnone size-medium wp-image-3676\" src=\"http:\/\/www.yanngraf.com\/wp-content\/uploads\/2012\/05\/AIswimming-520x339.jpg\" alt=\"Affiche Amnesty International - Pekin\" width=\"520\" height=\"339\" \/><\/p>\n<p><img decoding=\"async\" class=\"alignnone size-medium wp-image-3684\" src=\"http:\/\/www.yanngraf.com\/wp-content\/uploads\/2012\/05\/amnesty-2-torture-41-520x382.jpg\" alt=\"Affiche Amnesty International\" width=\"520\" height=\"382\" \/><\/p>\n<p>&nbsp;<\/p>\n","protected":false},"excerpt":{"rendered":"<p>Voici le quatri\u00e8me article de la s\u00e9rie \u00ab\u00a0POSTERS\u00a0\u00bb qui regroupe en vrac des affiches d&rsquo;un organisme s\u00e9lectionn\u00e9.<\/p>\n","protected":false},"author":4,"featured_media":0,"comment_status":"closed","ping_status":"closed","sticky":false,"template":"","format":"standard","meta":{"_acf_changed":false,"footnotes":""},"categories":[592],"tags":[],"class_list":["post-3117","post","type-post","status-publish","format-standard","hentry","category-non-classifiee"],"acf":[],"yoast_head":"<!-- This site is optimized with the Yoast SEO plugin v27.5 - https:\/\/yoast.com\/product\/yoast-seo-wordpress\/ -->\n<title>Great Amnesty International posters - Digital Project Manager<\/title>\n<meta name=\"description\" content=\"Voici une s\u00e9l\u00e9ction d&#039;affiches d&#039;Amnesty International autour du monde. Choquante voire comiques, la s\u00e9l\u00e9ction ne vous laissera pas ind\u00e9cis.\" \/>\n<meta name=\"robots\" content=\"index, follow, max-snippet:-1, max-image-preview:large, max-video-preview:-1\" \/>\n<link rel=\"canonical\" href=\"https:\/\/www.yanngraf.com\/fr\/blog\/posters-amnesty-international\/\" \/>\n<meta property=\"og:locale\" content=\"fr_FR\" \/>\n<meta property=\"og:type\" content=\"article\" \/>\n<meta property=\"og:title\" content=\"Great Amnesty International posters - Digital Project Manager\" \/>\n<meta property=\"og:description\" content=\"Voici une s\u00e9l\u00e9ction d&#039;affiches d&#039;Amnesty International autour du monde. Choquante voire comiques, la s\u00e9l\u00e9ction ne vous laissera pas ind\u00e9cis.\" \/>\n<meta property=\"og:url\" content=\"https:\/\/www.yanngraf.com\/fr\/blog\/posters-amnesty-international\/\" \/>\n<meta property=\"og:site_name\" content=\"Yann Graf\" \/>\n<meta property=\"article:publisher\" content=\"https:\/\/www.facebook.com\/yanngrafcom\/\" \/>\n<meta property=\"article:author\" content=\"https:\/\/www.facebook.com\/yanngraf\" \/>\n<meta property=\"article:published_time\" content=\"2013-03-22T10:25:36+00:00\" \/>\n<meta property=\"article:modified_time\" content=\"2017-07-14T15:22:44+00:00\" \/>\n<meta property=\"og:image\" content=\"http:\/\/www.yanngraf.com\/wp-content\/uploads\/2012\/05\/amnesty_international_death_penalty-520x355.jpg\" \/>\n<meta name=\"author\" content=\"Yann Graf\" \/>\n<meta name=\"twitter:card\" content=\"summary_large_image\" \/>\n<meta name=\"twitter:creator\" content=\"@http:\/\/www.twitter.com\/yanngraf\" \/>\n<meta name=\"twitter:site\" content=\"@yanngraf\" \/>\n<meta name=\"twitter:label1\" content=\"\u00c9crit par\" \/>\n\t<meta name=\"twitter:data1\" content=\"Yann Graf\" \/>\n\t<meta name=\"twitter:label2\" content=\"Dur\u00e9e de lecture estim\u00e9e\" \/>\n\t<meta name=\"twitter:data2\" content=\"1 minute\" \/>\n<script type=\"application\/ld+json\" class=\"yoast-schema-graph\">{\"@context\":\"https:\\\/\\\/schema.org\",\"@graph\":[{\"@type\":\"Article\",\"@id\":\"https:\\\/\\\/www.yanngraf.com\\\/fr\\\/blog\\\/posters-amnesty-international\\\/#article\",\"isPartOf\":{\"@id\":\"https:\\\/\\\/www.yanngraf.com\\\/fr\\\/blog\\\/posters-amnesty-international\\\/\"},\"author\":{\"name\":\"Yann Graf\",\"@id\":\"https:\\\/\\\/www.yanngraf.com\\\/fr\\\/#\\\/schema\\\/person\\\/cb6cc65295b564034642b1d8e38e0fd3\"},\"headline\":\"POSTERS: Amnesty International\",\"datePublished\":\"2013-03-22T10:25:36+00:00\",\"dateModified\":\"2017-07-14T15:22:44+00:00\",\"mainEntityOfPage\":{\"@id\":\"https:\\\/\\\/www.yanngraf.com\\\/fr\\\/blog\\\/posters-amnesty-international\\\/\"},\"wordCount\":158,\"image\":{\"@id\":\"https:\\\/\\\/www.yanngraf.com\\\/fr\\\/blog\\\/posters-amnesty-international\\\/#primaryimage\"},\"thumbnailUrl\":\"http:\\\/\\\/www.yanngraf.com\\\/wp-content\\\/uploads\\\/2012\\\/05\\\/amnesty_international_death_penalty-520x355.jpg\",\"articleSection\":[\"Non classifi\u00e9(e)\"],\"inLanguage\":\"fr-FR\"},{\"@type\":\"WebPage\",\"@id\":\"https:\\\/\\\/www.yanngraf.com\\\/fr\\\/blog\\\/posters-amnesty-international\\\/\",\"url\":\"https:\\\/\\\/www.yanngraf.com\\\/fr\\\/blog\\\/posters-amnesty-international\\\/\",\"name\":\"Great Amnesty International posters - Digital Project Manager\",\"isPartOf\":{\"@id\":\"https:\\\/\\\/www.yanngraf.com\\\/fr\\\/#website\"},\"primaryImageOfPage\":{\"@id\":\"https:\\\/\\\/www.yanngraf.com\\\/fr\\\/blog\\\/posters-amnesty-international\\\/#primaryimage\"},\"image\":{\"@id\":\"https:\\\/\\\/www.yanngraf.com\\\/fr\\\/blog\\\/posters-amnesty-international\\\/#primaryimage\"},\"thumbnailUrl\":\"http:\\\/\\\/www.yanngraf.com\\\/wp-content\\\/uploads\\\/2012\\\/05\\\/amnesty_international_death_penalty-520x355.jpg\",\"datePublished\":\"2013-03-22T10:25:36+00:00\",\"dateModified\":\"2017-07-14T15:22:44+00:00\",\"author\":{\"@id\":\"https:\\\/\\\/www.yanngraf.com\\\/fr\\\/#\\\/schema\\\/person\\\/cb6cc65295b564034642b1d8e38e0fd3\"},\"description\":\"Voici une s\u00e9l\u00e9ction d'affiches d'Amnesty International autour du monde. Choquante voire comiques, la s\u00e9l\u00e9ction ne vous laissera pas ind\u00e9cis.\",\"breadcrumb\":{\"@id\":\"https:\\\/\\\/www.yanngraf.com\\\/fr\\\/blog\\\/posters-amnesty-international\\\/#breadcrumb\"},\"inLanguage\":\"fr-FR\",\"potentialAction\":[{\"@type\":\"ReadAction\",\"target\":[\"https:\\\/\\\/www.yanngraf.com\\\/fr\\\/blog\\\/posters-amnesty-international\\\/\"]}]},{\"@type\":\"ImageObject\",\"inLanguage\":\"fr-FR\",\"@id\":\"https:\\\/\\\/www.yanngraf.com\\\/fr\\\/blog\\\/posters-amnesty-international\\\/#primaryimage\",\"url\":\"http:\\\/\\\/www.yanngraf.com\\\/wp-content\\\/uploads\\\/2012\\\/05\\\/amnesty_international_death_penalty-520x355.jpg\",\"contentUrl\":\"http:\\\/\\\/www.yanngraf.com\\\/wp-content\\\/uploads\\\/2012\\\/05\\\/amnesty_international_death_penalty-520x355.jpg\"},{\"@type\":\"BreadcrumbList\",\"@id\":\"https:\\\/\\\/www.yanngraf.com\\\/fr\\\/blog\\\/posters-amnesty-international\\\/#breadcrumb\",\"itemListElement\":[{\"@type\":\"ListItem\",\"position\":1,\"name\":\"Home\",\"item\":\"https:\\\/\\\/www.yanngraf.com\\\/fr\\\/\"},{\"@type\":\"ListItem\",\"position\":2,\"name\":\"POSTERS: Amnesty International\"}]},{\"@type\":\"WebSite\",\"@id\":\"https:\\\/\\\/www.yanngraf.com\\\/fr\\\/#website\",\"url\":\"https:\\\/\\\/www.yanngraf.com\\\/fr\\\/\",\"name\":\"Yann Graf\",\"description\":\"I&#039;m a Digital Project Manager from Switzerland\",\"potentialAction\":[{\"@type\":\"SearchAction\",\"target\":{\"@type\":\"EntryPoint\",\"urlTemplate\":\"https:\\\/\\\/www.yanngraf.com\\\/fr\\\/?s={search_term_string}\"},\"query-input\":{\"@type\":\"PropertyValueSpecification\",\"valueRequired\":true,\"valueName\":\"search_term_string\"}}],\"inLanguage\":\"fr-FR\"},{\"@type\":\"Person\",\"@id\":\"https:\\\/\\\/www.yanngraf.com\\\/fr\\\/#\\\/schema\\\/person\\\/cb6cc65295b564034642b1d8e38e0fd3\",\"name\":\"Yann Graf\",\"description\":\"I am an experienced Digital Strategy Consultant based in Switzerland. After over seven year respectfully crafting and improving the digital presence of Terre des hommes, Nautilus and G-Star Raw, I am now a freelancer. Please have a look at my Portfolio\",\"sameAs\":[\"http:\\\/\\\/www.yanngraf.com\",\"https:\\\/\\\/www.facebook.com\\\/yanngraf\",\"https:\\\/\\\/x.com\\\/http:\\\/\\\/www.twitter.com\\\/yanngraf\"]}]}<\/script>\n<!-- \/ Yoast SEO plugin. -->","yoast_head_json":{"title":"Great Amnesty International posters - Digital Project Manager","description":"Voici une s\u00e9l\u00e9ction d'affiches d'Amnesty International autour du monde. Choquante voire comiques, la s\u00e9l\u00e9ction ne vous laissera pas ind\u00e9cis.","robots":{"index":"index","follow":"follow","max-snippet":"max-snippet:-1","max-image-preview":"max-image-preview:large","max-video-preview":"max-video-preview:-1"},"canonical":"https:\/\/www.yanngraf.com\/fr\/blog\/posters-amnesty-international\/","og_locale":"fr_FR","og_type":"article","og_title":"Great Amnesty International posters - Digital Project Manager","og_description":"Voici une s\u00e9l\u00e9ction d'affiches d'Amnesty International autour du monde. Choquante voire comiques, la s\u00e9l\u00e9ction ne vous laissera pas ind\u00e9cis.","og_url":"https:\/\/www.yanngraf.com\/fr\/blog\/posters-amnesty-international\/","og_site_name":"Yann Graf","article_publisher":"https:\/\/www.facebook.com\/yanngrafcom\/","article_author":"https:\/\/www.facebook.com\/yanngraf","article_published_time":"2013-03-22T10:25:36+00:00","article_modified_time":"2017-07-14T15:22:44+00:00","og_image":[{"url":"http:\/\/www.yanngraf.com\/wp-content\/uploads\/2012\/05\/amnesty_international_death_penalty-520x355.jpg","type":"","width":"","height":""}],"author":"Yann Graf","twitter_card":"summary_large_image","twitter_creator":"@http:\/\/www.twitter.com\/yanngraf","twitter_site":"@yanngraf","twitter_misc":{"\u00c9crit par":"Yann Graf","Dur\u00e9e de lecture estim\u00e9e":"1 minute"},"schema":{"@context":"https:\/\/schema.org","@graph":[{"@type":"Article","@id":"https:\/\/www.yanngraf.com\/fr\/blog\/posters-amnesty-international\/#article","isPartOf":{"@id":"https:\/\/www.yanngraf.com\/fr\/blog\/posters-amnesty-international\/"},"author":{"name":"Yann Graf","@id":"https:\/\/www.yanngraf.com\/fr\/#\/schema\/person\/cb6cc65295b564034642b1d8e38e0fd3"},"headline":"POSTERS: Amnesty International","datePublished":"2013-03-22T10:25:36+00:00","dateModified":"2017-07-14T15:22:44+00:00","mainEntityOfPage":{"@id":"https:\/\/www.yanngraf.com\/fr\/blog\/posters-amnesty-international\/"},"wordCount":158,"image":{"@id":"https:\/\/www.yanngraf.com\/fr\/blog\/posters-amnesty-international\/#primaryimage"},"thumbnailUrl":"http:\/\/www.yanngraf.com\/wp-content\/uploads\/2012\/05\/amnesty_international_death_penalty-520x355.jpg","articleSection":["Non classifi\u00e9(e)"],"inLanguage":"fr-FR"},{"@type":"WebPage","@id":"https:\/\/www.yanngraf.com\/fr\/blog\/posters-amnesty-international\/","url":"https:\/\/www.yanngraf.com\/fr\/blog\/posters-amnesty-international\/","name":"Great Amnesty International posters - Digital Project Manager","isPartOf":{"@id":"https:\/\/www.yanngraf.com\/fr\/#website"},"primaryImageOfPage":{"@id":"https:\/\/www.yanngraf.com\/fr\/blog\/posters-amnesty-international\/#primaryimage"},"image":{"@id":"https:\/\/www.yanngraf.com\/fr\/blog\/posters-amnesty-international\/#primaryimage"},"thumbnailUrl":"http:\/\/www.yanngraf.com\/wp-content\/uploads\/2012\/05\/amnesty_international_death_penalty-520x355.jpg","datePublished":"2013-03-22T10:25:36+00:00","dateModified":"2017-07-14T15:22:44+00:00","author":{"@id":"https:\/\/www.yanngraf.com\/fr\/#\/schema\/person\/cb6cc65295b564034642b1d8e38e0fd3"},"description":"Voici une s\u00e9l\u00e9ction d'affiches d'Amnesty International autour du monde. Choquante voire comiques, la s\u00e9l\u00e9ction ne vous laissera pas ind\u00e9cis.","breadcrumb":{"@id":"https:\/\/www.yanngraf.com\/fr\/blog\/posters-amnesty-international\/#breadcrumb"},"inLanguage":"fr-FR","potentialAction":[{"@type":"ReadAction","target":["https:\/\/www.yanngraf.com\/fr\/blog\/posters-amnesty-international\/"]}]},{"@type":"ImageObject","inLanguage":"fr-FR","@id":"https:\/\/www.yanngraf.com\/fr\/blog\/posters-amnesty-international\/#primaryimage","url":"http:\/\/www.yanngraf.com\/wp-content\/uploads\/2012\/05\/amnesty_international_death_penalty-520x355.jpg","contentUrl":"http:\/\/www.yanngraf.com\/wp-content\/uploads\/2012\/05\/amnesty_international_death_penalty-520x355.jpg"},{"@type":"BreadcrumbList","@id":"https:\/\/www.yanngraf.com\/fr\/blog\/posters-amnesty-international\/#breadcrumb","itemListElement":[{"@type":"ListItem","position":1,"name":"Home","item":"https:\/\/www.yanngraf.com\/fr\/"},{"@type":"ListItem","position":2,"name":"POSTERS: Amnesty International"}]},{"@type":"WebSite","@id":"https:\/\/www.yanngraf.com\/fr\/#website","url":"https:\/\/www.yanngraf.com\/fr\/","name":"Yann Graf","description":"I&#039;m a Digital Project Manager from Switzerland","potentialAction":[{"@type":"SearchAction","target":{"@type":"EntryPoint","urlTemplate":"https:\/\/www.yanngraf.com\/fr\/?s={search_term_string}"},"query-input":{"@type":"PropertyValueSpecification","valueRequired":true,"valueName":"search_term_string"}}],"inLanguage":"fr-FR"},{"@type":"Person","@id":"https:\/\/www.yanngraf.com\/fr\/#\/schema\/person\/cb6cc65295b564034642b1d8e38e0fd3","name":"Yann Graf","description":"I am an experienced Digital Strategy Consultant based in Switzerland. After over seven year respectfully crafting and improving the digital presence of Terre des hommes, Nautilus and G-Star Raw, I am now a freelancer. Please have a look at my Portfolio","sameAs":["http:\/\/www.yanngraf.com","https:\/\/www.facebook.com\/yanngraf","https:\/\/x.com\/http:\/\/www.twitter.com\/yanngraf"]}]}},"_links":{"self":[{"href":"https:\/\/www.yanngraf.com\/fr\/wp-json\/wp\/v2\/posts\/3117","targetHints":{"allow":["GET"]}}],"collection":[{"href":"https:\/\/www.yanngraf.com\/fr\/wp-json\/wp\/v2\/posts"}],"about":[{"href":"https:\/\/www.yanngraf.com\/fr\/wp-json\/wp\/v2\/types\/post"}],"author":[{"embeddable":true,"href":"https:\/\/www.yanngraf.com\/fr\/wp-json\/wp\/v2\/users\/4"}],"replies":[{"embeddable":true,"href":"https:\/\/www.yanngraf.com\/fr\/wp-json\/wp\/v2\/comments?post=3117"}],"version-history":[{"count":0,"href":"https:\/\/www.yanngraf.com\/fr\/wp-json\/wp\/v2\/posts\/3117\/revisions"}],"wp:attachment":[{"href":"https:\/\/www.yanngraf.com\/fr\/wp-json\/wp\/v2\/media?parent=3117"}],"wp:term":[{"taxonomy":"category","embeddable":true,"href":"https:\/\/www.yanngraf.com\/fr\/wp-json\/wp\/v2\/categories?post=3117"},{"taxonomy":"post_tag","embeddable":true,"href":"https:\/\/www.yanngraf.com\/fr\/wp-json\/wp\/v2\/tags?post=3117"}],"curies":[{"name":"wp","href":"https:\/\/api.w.org\/{rel}","templated":true}]}}