{"id":2460,"date":"2011-06-01T18:55:29","date_gmt":"2011-06-01T16:55:29","guid":{"rendered":"http:\/\/www.yanngraf.com\/2011\/06\/01\/"},"modified":"2017-07-14T16:28:56","modified_gmt":"2017-07-14T14:28:56","slug":"service-civil-ferme-du-bonheur","status":"publish","type":"post","link":"https:\/\/www.yanngraf.com\/fr\/blog\/service-civil-ferme-du-bonheur\/","title":{"rendered":"Mon service civil se termine \u00e0 la Ferme du Bonheur"},"content":{"rendered":"<p>Eh oui, apr\u00e8s avoir donn\u00e9 mon corps durant 390 jours pour ma patrie, la Suisse, je termine officiellement mon service civil demain. Apr\u00e8s une exp\u00e9rience au <a href=\"https:\/\/www.yanngraf.com\/blog\/brasileiros-smiling-portraits\/\">Br\u00e9sil<\/a>, puis \u00e0 Fribourg, j&rsquo;ai finalement atterri au fin fond du Jura.<\/p>\n<p>Il y maintenant 2 ans, j&rsquo;ai effectu\u00e9 5 mois de service dans cette <a href=\"http:\/\/www.fermedubonheur.ch\/v2\/fr\/\">ferme p\u00e9dagogique<\/a> qui accueille principalement des enfants. Et vu qu&rsquo;il me restait encore 26 jours pour tout terminer, j&rsquo;ai profit\u00e9 pour y retourner.<\/p>\n<p>Au programme: Tournage d&rsquo;un clip pour la promo de la ferme, et quelques travaux plus manuels. Je vous laisse d\u00e9couvrir \u00e0 quoi ressemble ce lieu. N&rsquo;h\u00e9sitez pas \u00e0 y envoyer vos enfants. Vous avez aussi le droit d&rsquo;avoir la paix \ud83d\ude09 pour quelques jours.<\/p>\n<div class=\"responsive-embed widescreen youtube\"><iframe title=\"La ferme du Bonheur de Porrentruy - Spot de pr\u00e9sentation\" width=\"1170\" height=\"658\" src=\"https:\/\/www.youtube.com\/embed\/3OquS53PGg8?feature=oembed&#038;showinfo=0&#038;rel=0&#038;modestbranding=1\" frameborder=\"0\" allow=\"accelerometer; autoplay; encrypted-media; gyroscope; picture-in-picture\" allowfullscreen><\/iframe><\/div>\n<p>&nbsp;<\/p>\n<p><!--more-->Et j&rsquo;ai pas r\u00e9sist\u00e9 a tourner une vid\u00e9o de chat. Ben ouais, ils sont super mignon non?<\/p>\n<div class=\"responsive-embed widescreen youtube\"><iframe title=\"Les chatons de Fenouille\" width=\"1170\" height=\"658\" src=\"https:\/\/www.youtube.com\/embed\/7WOqRO3Wc3M?feature=oembed&#038;showinfo=0&#038;rel=0&#038;modestbranding=1\" frameborder=\"0\" allow=\"accelerometer; autoplay; encrypted-media; gyroscope; picture-in-picture\" allowfullscreen><\/iframe><\/div>\n<p>&nbsp;<\/p>\n","protected":false},"excerpt":{"rendered":"<p>Eh oui, apr\u00e8s avoir donn\u00e9 mon corps durant 390 jours pour ma patrie, la Suisse, je termine officiellement mon service civil demain.<\/p>\n","protected":false},"author":4,"featured_media":0,"comment_status":"closed","ping_status":"closed","sticky":false,"template":"","format":"standard","meta":{"_acf_changed":false,"footnotes":""},"categories":[592],"tags":[],"class_list":["post-2460","post","type-post","status-publish","format-standard","hentry","category-non-classifiee"],"acf":[],"yoast_head":"<!-- This site is optimized with the Yoast SEO plugin v27.4 - https:\/\/yoast.com\/product\/yoast-seo-wordpress\/ -->\n<title>Mon service civil se termine \u00e0 la Ferme du Bonheur - Yann Graf<\/title>\n<meta name=\"description\" content=\"Apr\u00e8s une exp\u00e9rience au Br\u00e9sil, j&#039;ai atterri au fin fond du Jura. Il y maintenant 2 ans, j&#039;ai effectu\u00e9 5 mois de service dans cette ferme p\u00e9dagogique.\" \/>\n<meta name=\"robots\" content=\"index, follow, max-snippet:-1, max-image-preview:large, max-video-preview:-1\" \/>\n<link rel=\"canonical\" href=\"https:\/\/www.yanngraf.com\/fr\/blog\/service-civil-ferme-du-bonheur\/\" \/>\n<meta property=\"og:locale\" content=\"fr_FR\" \/>\n<meta property=\"og:type\" content=\"article\" \/>\n<meta property=\"og:title\" content=\"Mon service civil se termine \u00e0 la Ferme du Bonheur - Yann Graf\" \/>\n<meta property=\"og:description\" content=\"Apr\u00e8s une exp\u00e9rience au Br\u00e9sil, j&#039;ai atterri au fin fond du Jura. Il y maintenant 2 ans, j&#039;ai effectu\u00e9 5 mois de service dans cette ferme p\u00e9dagogique.\" \/>\n<meta property=\"og:url\" content=\"https:\/\/www.yanngraf.com\/fr\/blog\/service-civil-ferme-du-bonheur\/\" \/>\n<meta property=\"og:site_name\" content=\"Yann Graf\" \/>\n<meta property=\"article:publisher\" content=\"https:\/\/www.facebook.com\/yanngrafcom\/\" \/>\n<meta property=\"article:author\" content=\"https:\/\/www.facebook.com\/yanngraf\" \/>\n<meta property=\"article:published_time\" content=\"2011-06-01T16:55:29+00:00\" \/>\n<meta property=\"article:modified_time\" content=\"2017-07-14T14:28:56+00:00\" \/>\n<meta property=\"og:image\" content=\"https:\/\/www.yanngraf.com\/wp-content\/uploads\/2019\/08\/website-profile-image-yoast-yann-graf.jpg\" \/>\n\t<meta property=\"og:image:width\" content=\"1200\" \/>\n\t<meta property=\"og:image:height\" content=\"675\" \/>\n\t<meta property=\"og:image:type\" content=\"image\/jpeg\" \/>\n<meta name=\"author\" content=\"Yann Graf\" \/>\n<meta name=\"twitter:card\" content=\"summary_large_image\" \/>\n<meta name=\"twitter:creator\" content=\"@http:\/\/www.twitter.com\/yanngraf\" \/>\n<meta name=\"twitter:site\" content=\"@yanngraf\" \/>\n<meta name=\"twitter:label1\" content=\"\u00c9crit par\" \/>\n\t<meta name=\"twitter:data1\" content=\"Yann Graf\" \/>\n\t<meta name=\"twitter:label2\" content=\"Dur\u00e9e de lecture estim\u00e9e\" \/>\n\t<meta name=\"twitter:data2\" content=\"1 minute\" \/>\n<script type=\"application\/ld+json\" class=\"yoast-schema-graph\">{\"@context\":\"https:\\\/\\\/schema.org\",\"@graph\":[{\"@type\":\"Article\",\"@id\":\"https:\\\/\\\/www.yanngraf.com\\\/fr\\\/blog\\\/service-civil-ferme-du-bonheur\\\/#article\",\"isPartOf\":{\"@id\":\"https:\\\/\\\/www.yanngraf.com\\\/fr\\\/blog\\\/service-civil-ferme-du-bonheur\\\/\"},\"author\":{\"name\":\"Yann Graf\",\"@id\":\"https:\\\/\\\/www.yanngraf.com\\\/fr\\\/#\\\/schema\\\/person\\\/cb6cc65295b564034642b1d8e38e0fd3\"},\"headline\":\"Mon service civil se termine \u00e0 la Ferme du Bonheur\",\"datePublished\":\"2011-06-01T16:55:29+00:00\",\"dateModified\":\"2017-07-14T14:28:56+00:00\",\"mainEntityOfPage\":{\"@id\":\"https:\\\/\\\/www.yanngraf.com\\\/fr\\\/blog\\\/service-civil-ferme-du-bonheur\\\/\"},\"wordCount\":172,\"articleSection\":[\"Non classifi\u00e9(e)\"],\"inLanguage\":\"fr-FR\"},{\"@type\":\"WebPage\",\"@id\":\"https:\\\/\\\/www.yanngraf.com\\\/fr\\\/blog\\\/service-civil-ferme-du-bonheur\\\/\",\"url\":\"https:\\\/\\\/www.yanngraf.com\\\/fr\\\/blog\\\/service-civil-ferme-du-bonheur\\\/\",\"name\":\"Mon service civil se termine \u00e0 la Ferme du Bonheur - Yann Graf\",\"isPartOf\":{\"@id\":\"https:\\\/\\\/www.yanngraf.com\\\/fr\\\/#website\"},\"datePublished\":\"2011-06-01T16:55:29+00:00\",\"dateModified\":\"2017-07-14T14:28:56+00:00\",\"author\":{\"@id\":\"https:\\\/\\\/www.yanngraf.com\\\/fr\\\/#\\\/schema\\\/person\\\/cb6cc65295b564034642b1d8e38e0fd3\"},\"description\":\"Apr\u00e8s une exp\u00e9rience au Br\u00e9sil, j'ai atterri au fin fond du Jura. Il y maintenant 2 ans, j'ai effectu\u00e9 5 mois de service dans cette ferme p\u00e9dagogique.\",\"breadcrumb\":{\"@id\":\"https:\\\/\\\/www.yanngraf.com\\\/fr\\\/blog\\\/service-civil-ferme-du-bonheur\\\/#breadcrumb\"},\"inLanguage\":\"fr-FR\",\"potentialAction\":[{\"@type\":\"ReadAction\",\"target\":[\"https:\\\/\\\/www.yanngraf.com\\\/fr\\\/blog\\\/service-civil-ferme-du-bonheur\\\/\"]}]},{\"@type\":\"BreadcrumbList\",\"@id\":\"https:\\\/\\\/www.yanngraf.com\\\/fr\\\/blog\\\/service-civil-ferme-du-bonheur\\\/#breadcrumb\",\"itemListElement\":[{\"@type\":\"ListItem\",\"position\":1,\"name\":\"Home\",\"item\":\"https:\\\/\\\/www.yanngraf.com\\\/fr\\\/\"},{\"@type\":\"ListItem\",\"position\":2,\"name\":\"Mon service civil se termine \u00e0 la Ferme du Bonheur\"}]},{\"@type\":\"WebSite\",\"@id\":\"https:\\\/\\\/www.yanngraf.com\\\/fr\\\/#website\",\"url\":\"https:\\\/\\\/www.yanngraf.com\\\/fr\\\/\",\"name\":\"Yann Graf\",\"description\":\"I&#039;m a Digital Project Manager from Switzerland\",\"potentialAction\":[{\"@type\":\"SearchAction\",\"target\":{\"@type\":\"EntryPoint\",\"urlTemplate\":\"https:\\\/\\\/www.yanngraf.com\\\/fr\\\/?s={search_term_string}\"},\"query-input\":{\"@type\":\"PropertyValueSpecification\",\"valueRequired\":true,\"valueName\":\"search_term_string\"}}],\"inLanguage\":\"fr-FR\"},{\"@type\":\"Person\",\"@id\":\"https:\\\/\\\/www.yanngraf.com\\\/fr\\\/#\\\/schema\\\/person\\\/cb6cc65295b564034642b1d8e38e0fd3\",\"name\":\"Yann Graf\",\"description\":\"I am an experienced Digital Strategy Consultant based in Switzerland. After over seven year respectfully crafting and improving the digital presence of Terre des hommes, Nautilus and G-Star Raw, I am now a freelancer. Please have a look at my Portfolio\",\"sameAs\":[\"http:\\\/\\\/www.yanngraf.com\",\"https:\\\/\\\/www.facebook.com\\\/yanngraf\",\"https:\\\/\\\/x.com\\\/http:\\\/\\\/www.twitter.com\\\/yanngraf\"]}]}<\/script>\n<!-- \/ Yoast SEO plugin. -->","yoast_head_json":{"title":"Mon service civil se termine \u00e0 la Ferme du Bonheur - Yann Graf","description":"Apr\u00e8s une exp\u00e9rience au Br\u00e9sil, j'ai atterri au fin fond du Jura. Il y maintenant 2 ans, j'ai effectu\u00e9 5 mois de service dans cette ferme p\u00e9dagogique.","robots":{"index":"index","follow":"follow","max-snippet":"max-snippet:-1","max-image-preview":"max-image-preview:large","max-video-preview":"max-video-preview:-1"},"canonical":"https:\/\/www.yanngraf.com\/fr\/blog\/service-civil-ferme-du-bonheur\/","og_locale":"fr_FR","og_type":"article","og_title":"Mon service civil se termine \u00e0 la Ferme du Bonheur - Yann Graf","og_description":"Apr\u00e8s une exp\u00e9rience au Br\u00e9sil, j'ai atterri au fin fond du Jura. Il y maintenant 2 ans, j'ai effectu\u00e9 5 mois de service dans cette ferme p\u00e9dagogique.","og_url":"https:\/\/www.yanngraf.com\/fr\/blog\/service-civil-ferme-du-bonheur\/","og_site_name":"Yann Graf","article_publisher":"https:\/\/www.facebook.com\/yanngrafcom\/","article_author":"https:\/\/www.facebook.com\/yanngraf","article_published_time":"2011-06-01T16:55:29+00:00","article_modified_time":"2017-07-14T14:28:56+00:00","og_image":[{"width":1200,"height":675,"url":"https:\/\/www.yanngraf.com\/wp-content\/uploads\/2019\/08\/website-profile-image-yoast-yann-graf.jpg","type":"image\/jpeg"}],"author":"Yann Graf","twitter_card":"summary_large_image","twitter_creator":"@http:\/\/www.twitter.com\/yanngraf","twitter_site":"@yanngraf","twitter_misc":{"\u00c9crit par":"Yann Graf","Dur\u00e9e de lecture estim\u00e9e":"1 minute"},"schema":{"@context":"https:\/\/schema.org","@graph":[{"@type":"Article","@id":"https:\/\/www.yanngraf.com\/fr\/blog\/service-civil-ferme-du-bonheur\/#article","isPartOf":{"@id":"https:\/\/www.yanngraf.com\/fr\/blog\/service-civil-ferme-du-bonheur\/"},"author":{"name":"Yann Graf","@id":"https:\/\/www.yanngraf.com\/fr\/#\/schema\/person\/cb6cc65295b564034642b1d8e38e0fd3"},"headline":"Mon service civil se termine \u00e0 la Ferme du Bonheur","datePublished":"2011-06-01T16:55:29+00:00","dateModified":"2017-07-14T14:28:56+00:00","mainEntityOfPage":{"@id":"https:\/\/www.yanngraf.com\/fr\/blog\/service-civil-ferme-du-bonheur\/"},"wordCount":172,"articleSection":["Non classifi\u00e9(e)"],"inLanguage":"fr-FR"},{"@type":"WebPage","@id":"https:\/\/www.yanngraf.com\/fr\/blog\/service-civil-ferme-du-bonheur\/","url":"https:\/\/www.yanngraf.com\/fr\/blog\/service-civil-ferme-du-bonheur\/","name":"Mon service civil se termine \u00e0 la Ferme du Bonheur - Yann Graf","isPartOf":{"@id":"https:\/\/www.yanngraf.com\/fr\/#website"},"datePublished":"2011-06-01T16:55:29+00:00","dateModified":"2017-07-14T14:28:56+00:00","author":{"@id":"https:\/\/www.yanngraf.com\/fr\/#\/schema\/person\/cb6cc65295b564034642b1d8e38e0fd3"},"description":"Apr\u00e8s une exp\u00e9rience au Br\u00e9sil, j'ai atterri au fin fond du Jura. Il y maintenant 2 ans, j'ai effectu\u00e9 5 mois de service dans cette ferme p\u00e9dagogique.","breadcrumb":{"@id":"https:\/\/www.yanngraf.com\/fr\/blog\/service-civil-ferme-du-bonheur\/#breadcrumb"},"inLanguage":"fr-FR","potentialAction":[{"@type":"ReadAction","target":["https:\/\/www.yanngraf.com\/fr\/blog\/service-civil-ferme-du-bonheur\/"]}]},{"@type":"BreadcrumbList","@id":"https:\/\/www.yanngraf.com\/fr\/blog\/service-civil-ferme-du-bonheur\/#breadcrumb","itemListElement":[{"@type":"ListItem","position":1,"name":"Home","item":"https:\/\/www.yanngraf.com\/fr\/"},{"@type":"ListItem","position":2,"name":"Mon service civil se termine \u00e0 la Ferme du Bonheur"}]},{"@type":"WebSite","@id":"https:\/\/www.yanngraf.com\/fr\/#website","url":"https:\/\/www.yanngraf.com\/fr\/","name":"Yann Graf","description":"I&#039;m a Digital Project Manager from Switzerland","potentialAction":[{"@type":"SearchAction","target":{"@type":"EntryPoint","urlTemplate":"https:\/\/www.yanngraf.com\/fr\/?s={search_term_string}"},"query-input":{"@type":"PropertyValueSpecification","valueRequired":true,"valueName":"search_term_string"}}],"inLanguage":"fr-FR"},{"@type":"Person","@id":"https:\/\/www.yanngraf.com\/fr\/#\/schema\/person\/cb6cc65295b564034642b1d8e38e0fd3","name":"Yann Graf","description":"I am an experienced Digital Strategy Consultant based in Switzerland. After over seven year respectfully crafting and improving the digital presence of Terre des hommes, Nautilus and G-Star Raw, I am now a freelancer. Please have a look at my Portfolio","sameAs":["http:\/\/www.yanngraf.com","https:\/\/www.facebook.com\/yanngraf","https:\/\/x.com\/http:\/\/www.twitter.com\/yanngraf"]}]}},"_links":{"self":[{"href":"https:\/\/www.yanngraf.com\/fr\/wp-json\/wp\/v2\/posts\/2460","targetHints":{"allow":["GET"]}}],"collection":[{"href":"https:\/\/www.yanngraf.com\/fr\/wp-json\/wp\/v2\/posts"}],"about":[{"href":"https:\/\/www.yanngraf.com\/fr\/wp-json\/wp\/v2\/types\/post"}],"author":[{"embeddable":true,"href":"https:\/\/www.yanngraf.com\/fr\/wp-json\/wp\/v2\/users\/4"}],"replies":[{"embeddable":true,"href":"https:\/\/www.yanngraf.com\/fr\/wp-json\/wp\/v2\/comments?post=2460"}],"version-history":[{"count":0,"href":"https:\/\/www.yanngraf.com\/fr\/wp-json\/wp\/v2\/posts\/2460\/revisions"}],"wp:attachment":[{"href":"https:\/\/www.yanngraf.com\/fr\/wp-json\/wp\/v2\/media?parent=2460"}],"wp:term":[{"taxonomy":"category","embeddable":true,"href":"https:\/\/www.yanngraf.com\/fr\/wp-json\/wp\/v2\/categories?post=2460"},{"taxonomy":"post_tag","embeddable":true,"href":"https:\/\/www.yanngraf.com\/fr\/wp-json\/wp\/v2\/tags?post=2460"}],"curies":[{"name":"wp","href":"https:\/\/api.w.org\/{rel}","templated":true}]}}