{"id":2445,"date":"2011-06-03T09:33:29","date_gmt":"2011-06-03T07:33:29","guid":{"rendered":"http:\/\/www.yanngraf.com\/2011\/05\/31\/"},"modified":"2017-07-14T15:32:00","modified_gmt":"2017-07-14T13:32:00","slug":"anniversaire-blog-bilan-blogging","status":"publish","type":"post","link":"https:\/\/www.yanngraf.com\/fr\/blog\/anniversaire-blog-bilan-blogging\/","title":{"rendered":"2\u00e8me anniversaire du blog &#8211; Bilan"},"content":{"rendered":"<p>Et BANG! Une ann\u00e9e de plus au compteur. Voil\u00e0 700 jours que j&rsquo;\u00e9crivais ici <a href=\"https:\/\/www.yanngraf.com\/blog\/digital-project-manager-welcome\/\">mon premier post<\/a>. L&rsquo;anniversaire du blog est toujours un bon moment pour lancer un petit regard dans le r\u00e9tro, faire un bilan et prendre des bonnes r\u00e9solutions.<\/p>\n<h2>En g\u00e9n\u00e9ral<\/h2>\n<p>Avec 82 posts et 200 commentaires le blog grandi tranquillement. Mais tout de m\u00eame, moins d&rsquo;un post par semaine, c&rsquo;est mal. La fr\u00e9quentation a baiss\u00e9 un poils, mais je n&rsquo;ai pas \u00e9t\u00e9 tr\u00e8s productif durant la moiti\u00e9 de l&rsquo;ann\u00e9e. Une grosse erreur que je vais m&rsquo;\u00e9vertuer \u00e0 corriger. Je me suis fix\u00e9 des objectifs secrets, h\u00e9h\u00e9. D&rsquo;ailleurs ces derniers temps j&rsquo;ai publi\u00e9 par mal d&rsquo;articles. Aussi en raison du fait que j&rsquo;avais un peu plus de temps, <a title=\"Association Humanature \u2013 Droits humains et environnement\" href=\"https:\/\/www.yanngraf.com\/fr\/blog\/humanature-droits-humains-environnement\/\">la formation du WWF<\/a> \u00e9tant termin\u00e9e.<\/p>\n<p>Ces derniers temps le blog a prit une tournure tr\u00e8s ONG, normal me direz vous, mon employeur actuel y est clairement pour quelque chose. Mais il y a un vide sur ce cr\u00e9neau en Suisse romande. Je ne connais personne d&rsquo;autre qui traite de ces th\u00e9matiques dans la r\u00e9gion. Peut-\u00eatre que vous pouvez m&rsquo;aider a en d\u00e9nicher? En tout cas, j&rsquo;essaie toujours de vous apporter du contenu de qualit\u00e9, et j&rsquo;esp\u00e8re que cela vous convient. Car j&rsquo;ai bien l&rsquo;intention de continuer.<\/p>\n<h2>Les posts les plus consult\u00e9s<\/h2>\n<p>C&rsquo;est marrant mais ils n&rsquo;ont pas chang\u00e9 depuis l&rsquo;ann\u00e9e pass\u00e9e, <a title=\"Mon blog a 1 an!\" href=\"https:\/\/www.yanngraf.com\/fr\/blog\/mon-blog-a-1-an\/\">le top 5<\/a> est toujours identique au pr\u00e9c\u00e9dent. Je vous pr\u00e9sente ici les viennent-ensuite:<\/p>\n<ul>\n<li><a title=\"Permanent Link: Affiches et campagnes d\u2019ONG suisses\" href=\"https:\/\/www.yanngraf.com\/fr\/blog\/affiches-et-campagnes-ong-suisses\/\" rel=\"bookmark\">Affiches et campagnes d\u2019ONG suisses<\/a><\/li>\n<li><a title=\"Permanent Link: Paper.li, le SPAM made in Switzerland\" href=\"https:\/\/www.yanngraf.com\/fr\/blog\/paperli-spam-switzerland\/\" rel=\"bookmark\">Paper.li, le SPAM made in Switzerland<\/a><\/li>\n<li><a title=\"Permanent Link: Secours d\u2019hiver suisse une affiche\u2026\" href=\"https:\/\/www.yanngraf.com\/fr\/blog\/secours-dhiver-suisse-une-affiche\/\" rel=\"bookmark\">Secours d\u2019hiver suisse une affiche\u2026<\/a><\/li>\n<li><a href=\"https:\/\/www.yanngraf.com\/fr\/blog\/agences-communication-ecolo-sociale\/\">Agences de communication \u00e9colo: Des sites web en Birkenstock<\/a><\/li>\n<\/ul>\n<p>Et comme <a href=\"https:\/\/www.yanngraf.com\/fr\/blog\/mon-blog-a-1-an\/\">l&rsquo;ann\u00e9e derni\u00e8re<\/a> je vous offre une image de Unicorn. C&rsquo;est quand m\u00eame juste la base les licornes non? Si vous en voulez plus, alors c&rsquo;est <a href=\"http:\/\/www.cornify.com\/\">par ici<\/a>.<\/p>\n<p>J&rsquo;ai profit\u00e9 de l&rsquo;occasion pour ajouter le +1 Google et le nouveau bouton \u00ab\u00a0Follow\u00a0\u00bb Twitter. Alors on clique?<\/p>\n<p><em>image:\u00a0Creative Commons Flickr Evonne Heyning<\/em><\/p>\n","protected":false},"excerpt":{"rendered":"<p>L&rsquo;anniversaire du blog est toujours un bon moment pour lancer un petit regard dans le r\u00e9tro, faire un bilan et prendre des bonnes r\u00e9solutions.<\/p>\n","protected":false},"author":4,"featured_media":2451,"comment_status":"closed","ping_status":"closed","sticky":false,"template":"","format":"standard","meta":{"_acf_changed":false,"footnotes":""},"categories":[592],"tags":[],"class_list":["post-2445","post","type-post","status-publish","format-standard","has-post-thumbnail","hentry","category-non-classifiee"],"acf":[],"yoast_head":"<!-- This site is optimized with the Yoast SEO plugin v27.4 - https:\/\/yoast.com\/product\/yoast-seo-wordpress\/ -->\n<title>2\u00e8me anniversaire du blog - Bilan - Yann Graf<\/title>\n<meta name=\"description\" content=\"Et BANG! Voil\u00e0 700 jours que j&#039;\u00e9crivais ici mon premier post. L&#039;anniversaire du blog est toujours un bon moment pour faire un bilan.\" \/>\n<meta name=\"robots\" content=\"index, follow, max-snippet:-1, max-image-preview:large, max-video-preview:-1\" \/>\n<link rel=\"canonical\" href=\"https:\/\/www.yanngraf.com\/fr\/blog\/anniversaire-blog-bilan-blogging\/\" \/>\n<meta property=\"og:locale\" content=\"fr_FR\" \/>\n<meta property=\"og:type\" content=\"article\" \/>\n<meta property=\"og:title\" content=\"2\u00e8me anniversaire du blog - Bilan - Yann Graf\" \/>\n<meta property=\"og:description\" content=\"Et BANG! Voil\u00e0 700 jours que j&#039;\u00e9crivais ici mon premier post. L&#039;anniversaire du blog est toujours un bon moment pour faire un bilan.\" \/>\n<meta property=\"og:url\" content=\"https:\/\/www.yanngraf.com\/fr\/blog\/anniversaire-blog-bilan-blogging\/\" \/>\n<meta property=\"og:site_name\" content=\"Yann Graf\" \/>\n<meta property=\"article:publisher\" content=\"https:\/\/www.facebook.com\/yanngrafcom\/\" \/>\n<meta property=\"article:author\" content=\"https:\/\/www.facebook.com\/yanngraf\" \/>\n<meta property=\"article:published_time\" content=\"2011-06-03T07:33:29+00:00\" \/>\n<meta property=\"article:modified_time\" content=\"2017-07-14T13:32:00+00:00\" \/>\n<meta property=\"og:image\" content=\"https:\/\/www.yanngraf.com\/wp-content\/uploads\/2011\/05\/Unicorn.jpg\" \/>\n\t<meta property=\"og:image:width\" content=\"1237\" \/>\n\t<meta property=\"og:image:height\" content=\"866\" \/>\n\t<meta property=\"og:image:type\" content=\"image\/jpeg\" \/>\n<meta name=\"author\" content=\"Yann Graf\" \/>\n<meta name=\"twitter:card\" content=\"summary_large_image\" \/>\n<meta name=\"twitter:creator\" content=\"@http:\/\/www.twitter.com\/yanngraf\" \/>\n<meta name=\"twitter:site\" content=\"@yanngraf\" \/>\n<meta name=\"twitter:label1\" content=\"\u00c9crit par\" \/>\n\t<meta name=\"twitter:data1\" content=\"Yann Graf\" \/>\n\t<meta name=\"twitter:label2\" content=\"Dur\u00e9e de lecture estim\u00e9e\" \/>\n\t<meta name=\"twitter:data2\" content=\"2 minutes\" \/>\n<script type=\"application\/ld+json\" class=\"yoast-schema-graph\">{\"@context\":\"https:\\\/\\\/schema.org\",\"@graph\":[{\"@type\":\"Article\",\"@id\":\"https:\\\/\\\/www.yanngraf.com\\\/fr\\\/blog\\\/anniversaire-blog-bilan-blogging\\\/#article\",\"isPartOf\":{\"@id\":\"https:\\\/\\\/www.yanngraf.com\\\/fr\\\/blog\\\/anniversaire-blog-bilan-blogging\\\/\"},\"author\":{\"name\":\"Yann Graf\",\"@id\":\"https:\\\/\\\/www.yanngraf.com\\\/fr\\\/#\\\/schema\\\/person\\\/cb6cc65295b564034642b1d8e38e0fd3\"},\"headline\":\"2\u00e8me anniversaire du blog &#8211; Bilan\",\"datePublished\":\"2011-06-03T07:33:29+00:00\",\"dateModified\":\"2017-07-14T13:32:00+00:00\",\"mainEntityOfPage\":{\"@id\":\"https:\\\/\\\/www.yanngraf.com\\\/fr\\\/blog\\\/anniversaire-blog-bilan-blogging\\\/\"},\"wordCount\":369,\"image\":{\"@id\":\"https:\\\/\\\/www.yanngraf.com\\\/fr\\\/blog\\\/anniversaire-blog-bilan-blogging\\\/#primaryimage\"},\"thumbnailUrl\":\"https:\\\/\\\/www.yanngraf.com\\\/wp-content\\\/uploads\\\/2011\\\/05\\\/Unicorn.jpg\",\"articleSection\":[\"Non classifi\u00e9(e)\"],\"inLanguage\":\"fr-FR\"},{\"@type\":\"WebPage\",\"@id\":\"https:\\\/\\\/www.yanngraf.com\\\/fr\\\/blog\\\/anniversaire-blog-bilan-blogging\\\/\",\"url\":\"https:\\\/\\\/www.yanngraf.com\\\/fr\\\/blog\\\/anniversaire-blog-bilan-blogging\\\/\",\"name\":\"2\u00e8me anniversaire du blog - Bilan - Yann Graf\",\"isPartOf\":{\"@id\":\"https:\\\/\\\/www.yanngraf.com\\\/fr\\\/#website\"},\"primaryImageOfPage\":{\"@id\":\"https:\\\/\\\/www.yanngraf.com\\\/fr\\\/blog\\\/anniversaire-blog-bilan-blogging\\\/#primaryimage\"},\"image\":{\"@id\":\"https:\\\/\\\/www.yanngraf.com\\\/fr\\\/blog\\\/anniversaire-blog-bilan-blogging\\\/#primaryimage\"},\"thumbnailUrl\":\"https:\\\/\\\/www.yanngraf.com\\\/wp-content\\\/uploads\\\/2011\\\/05\\\/Unicorn.jpg\",\"datePublished\":\"2011-06-03T07:33:29+00:00\",\"dateModified\":\"2017-07-14T13:32:00+00:00\",\"author\":{\"@id\":\"https:\\\/\\\/www.yanngraf.com\\\/fr\\\/#\\\/schema\\\/person\\\/cb6cc65295b564034642b1d8e38e0fd3\"},\"description\":\"Et BANG! Voil\u00e0 700 jours que j'\u00e9crivais ici mon premier post. L'anniversaire du blog est toujours un bon moment pour faire un bilan.\",\"breadcrumb\":{\"@id\":\"https:\\\/\\\/www.yanngraf.com\\\/fr\\\/blog\\\/anniversaire-blog-bilan-blogging\\\/#breadcrumb\"},\"inLanguage\":\"fr-FR\",\"potentialAction\":[{\"@type\":\"ReadAction\",\"target\":[\"https:\\\/\\\/www.yanngraf.com\\\/fr\\\/blog\\\/anniversaire-blog-bilan-blogging\\\/\"]}]},{\"@type\":\"ImageObject\",\"inLanguage\":\"fr-FR\",\"@id\":\"https:\\\/\\\/www.yanngraf.com\\\/fr\\\/blog\\\/anniversaire-blog-bilan-blogging\\\/#primaryimage\",\"url\":\"https:\\\/\\\/www.yanngraf.com\\\/wp-content\\\/uploads\\\/2011\\\/05\\\/Unicorn.jpg\",\"contentUrl\":\"https:\\\/\\\/www.yanngraf.com\\\/wp-content\\\/uploads\\\/2011\\\/05\\\/Unicorn.jpg\",\"width\":1237,\"height\":866,\"caption\":\"Creative Commons Flickr Evonne Hennings\"},{\"@type\":\"BreadcrumbList\",\"@id\":\"https:\\\/\\\/www.yanngraf.com\\\/fr\\\/blog\\\/anniversaire-blog-bilan-blogging\\\/#breadcrumb\",\"itemListElement\":[{\"@type\":\"ListItem\",\"position\":1,\"name\":\"Home\",\"item\":\"https:\\\/\\\/www.yanngraf.com\\\/fr\\\/\"},{\"@type\":\"ListItem\",\"position\":2,\"name\":\"2\u00e8me anniversaire du blog &#8211; Bilan\"}]},{\"@type\":\"WebSite\",\"@id\":\"https:\\\/\\\/www.yanngraf.com\\\/fr\\\/#website\",\"url\":\"https:\\\/\\\/www.yanngraf.com\\\/fr\\\/\",\"name\":\"Yann Graf\",\"description\":\"I&#039;m a Digital Project Manager from Switzerland\",\"potentialAction\":[{\"@type\":\"SearchAction\",\"target\":{\"@type\":\"EntryPoint\",\"urlTemplate\":\"https:\\\/\\\/www.yanngraf.com\\\/fr\\\/?s={search_term_string}\"},\"query-input\":{\"@type\":\"PropertyValueSpecification\",\"valueRequired\":true,\"valueName\":\"search_term_string\"}}],\"inLanguage\":\"fr-FR\"},{\"@type\":\"Person\",\"@id\":\"https:\\\/\\\/www.yanngraf.com\\\/fr\\\/#\\\/schema\\\/person\\\/cb6cc65295b564034642b1d8e38e0fd3\",\"name\":\"Yann Graf\",\"description\":\"I am an experienced Digital Strategy Consultant based in Switzerland. After over seven year respectfully crafting and improving the digital presence of Terre des hommes, Nautilus and G-Star Raw, I am now a freelancer. Please have a look at my Portfolio\",\"sameAs\":[\"http:\\\/\\\/www.yanngraf.com\",\"https:\\\/\\\/www.facebook.com\\\/yanngraf\",\"https:\\\/\\\/x.com\\\/http:\\\/\\\/www.twitter.com\\\/yanngraf\"]}]}<\/script>\n<!-- \/ Yoast SEO plugin. -->","yoast_head_json":{"title":"2\u00e8me anniversaire du blog - Bilan - Yann Graf","description":"Et BANG! Voil\u00e0 700 jours que j'\u00e9crivais ici mon premier post. L'anniversaire du blog est toujours un bon moment pour faire un bilan.","robots":{"index":"index","follow":"follow","max-snippet":"max-snippet:-1","max-image-preview":"max-image-preview:large","max-video-preview":"max-video-preview:-1"},"canonical":"https:\/\/www.yanngraf.com\/fr\/blog\/anniversaire-blog-bilan-blogging\/","og_locale":"fr_FR","og_type":"article","og_title":"2\u00e8me anniversaire du blog - Bilan - Yann Graf","og_description":"Et BANG! Voil\u00e0 700 jours que j'\u00e9crivais ici mon premier post. L'anniversaire du blog est toujours un bon moment pour faire un bilan.","og_url":"https:\/\/www.yanngraf.com\/fr\/blog\/anniversaire-blog-bilan-blogging\/","og_site_name":"Yann Graf","article_publisher":"https:\/\/www.facebook.com\/yanngrafcom\/","article_author":"https:\/\/www.facebook.com\/yanngraf","article_published_time":"2011-06-03T07:33:29+00:00","article_modified_time":"2017-07-14T13:32:00+00:00","og_image":[{"width":1237,"height":866,"url":"https:\/\/www.yanngraf.com\/wp-content\/uploads\/2011\/05\/Unicorn.jpg","type":"image\/jpeg"}],"author":"Yann Graf","twitter_card":"summary_large_image","twitter_creator":"@http:\/\/www.twitter.com\/yanngraf","twitter_site":"@yanngraf","twitter_misc":{"\u00c9crit par":"Yann Graf","Dur\u00e9e de lecture estim\u00e9e":"2 minutes"},"schema":{"@context":"https:\/\/schema.org","@graph":[{"@type":"Article","@id":"https:\/\/www.yanngraf.com\/fr\/blog\/anniversaire-blog-bilan-blogging\/#article","isPartOf":{"@id":"https:\/\/www.yanngraf.com\/fr\/blog\/anniversaire-blog-bilan-blogging\/"},"author":{"name":"Yann Graf","@id":"https:\/\/www.yanngraf.com\/fr\/#\/schema\/person\/cb6cc65295b564034642b1d8e38e0fd3"},"headline":"2\u00e8me anniversaire du blog &#8211; Bilan","datePublished":"2011-06-03T07:33:29+00:00","dateModified":"2017-07-14T13:32:00+00:00","mainEntityOfPage":{"@id":"https:\/\/www.yanngraf.com\/fr\/blog\/anniversaire-blog-bilan-blogging\/"},"wordCount":369,"image":{"@id":"https:\/\/www.yanngraf.com\/fr\/blog\/anniversaire-blog-bilan-blogging\/#primaryimage"},"thumbnailUrl":"https:\/\/www.yanngraf.com\/wp-content\/uploads\/2011\/05\/Unicorn.jpg","articleSection":["Non classifi\u00e9(e)"],"inLanguage":"fr-FR"},{"@type":"WebPage","@id":"https:\/\/www.yanngraf.com\/fr\/blog\/anniversaire-blog-bilan-blogging\/","url":"https:\/\/www.yanngraf.com\/fr\/blog\/anniversaire-blog-bilan-blogging\/","name":"2\u00e8me anniversaire du blog - Bilan - Yann Graf","isPartOf":{"@id":"https:\/\/www.yanngraf.com\/fr\/#website"},"primaryImageOfPage":{"@id":"https:\/\/www.yanngraf.com\/fr\/blog\/anniversaire-blog-bilan-blogging\/#primaryimage"},"image":{"@id":"https:\/\/www.yanngraf.com\/fr\/blog\/anniversaire-blog-bilan-blogging\/#primaryimage"},"thumbnailUrl":"https:\/\/www.yanngraf.com\/wp-content\/uploads\/2011\/05\/Unicorn.jpg","datePublished":"2011-06-03T07:33:29+00:00","dateModified":"2017-07-14T13:32:00+00:00","author":{"@id":"https:\/\/www.yanngraf.com\/fr\/#\/schema\/person\/cb6cc65295b564034642b1d8e38e0fd3"},"description":"Et BANG! Voil\u00e0 700 jours que j'\u00e9crivais ici mon premier post. L'anniversaire du blog est toujours un bon moment pour faire un bilan.","breadcrumb":{"@id":"https:\/\/www.yanngraf.com\/fr\/blog\/anniversaire-blog-bilan-blogging\/#breadcrumb"},"inLanguage":"fr-FR","potentialAction":[{"@type":"ReadAction","target":["https:\/\/www.yanngraf.com\/fr\/blog\/anniversaire-blog-bilan-blogging\/"]}]},{"@type":"ImageObject","inLanguage":"fr-FR","@id":"https:\/\/www.yanngraf.com\/fr\/blog\/anniversaire-blog-bilan-blogging\/#primaryimage","url":"https:\/\/www.yanngraf.com\/wp-content\/uploads\/2011\/05\/Unicorn.jpg","contentUrl":"https:\/\/www.yanngraf.com\/wp-content\/uploads\/2011\/05\/Unicorn.jpg","width":1237,"height":866,"caption":"Creative Commons Flickr Evonne Hennings"},{"@type":"BreadcrumbList","@id":"https:\/\/www.yanngraf.com\/fr\/blog\/anniversaire-blog-bilan-blogging\/#breadcrumb","itemListElement":[{"@type":"ListItem","position":1,"name":"Home","item":"https:\/\/www.yanngraf.com\/fr\/"},{"@type":"ListItem","position":2,"name":"2\u00e8me anniversaire du blog &#8211; Bilan"}]},{"@type":"WebSite","@id":"https:\/\/www.yanngraf.com\/fr\/#website","url":"https:\/\/www.yanngraf.com\/fr\/","name":"Yann Graf","description":"I&#039;m a Digital Project Manager from Switzerland","potentialAction":[{"@type":"SearchAction","target":{"@type":"EntryPoint","urlTemplate":"https:\/\/www.yanngraf.com\/fr\/?s={search_term_string}"},"query-input":{"@type":"PropertyValueSpecification","valueRequired":true,"valueName":"search_term_string"}}],"inLanguage":"fr-FR"},{"@type":"Person","@id":"https:\/\/www.yanngraf.com\/fr\/#\/schema\/person\/cb6cc65295b564034642b1d8e38e0fd3","name":"Yann Graf","description":"I am an experienced Digital Strategy Consultant based in Switzerland. After over seven year respectfully crafting and improving the digital presence of Terre des hommes, Nautilus and G-Star Raw, I am now a freelancer. Please have a look at my Portfolio","sameAs":["http:\/\/www.yanngraf.com","https:\/\/www.facebook.com\/yanngraf","https:\/\/x.com\/http:\/\/www.twitter.com\/yanngraf"]}]}},"_links":{"self":[{"href":"https:\/\/www.yanngraf.com\/fr\/wp-json\/wp\/v2\/posts\/2445","targetHints":{"allow":["GET"]}}],"collection":[{"href":"https:\/\/www.yanngraf.com\/fr\/wp-json\/wp\/v2\/posts"}],"about":[{"href":"https:\/\/www.yanngraf.com\/fr\/wp-json\/wp\/v2\/types\/post"}],"author":[{"embeddable":true,"href":"https:\/\/www.yanngraf.com\/fr\/wp-json\/wp\/v2\/users\/4"}],"replies":[{"embeddable":true,"href":"https:\/\/www.yanngraf.com\/fr\/wp-json\/wp\/v2\/comments?post=2445"}],"version-history":[{"count":0,"href":"https:\/\/www.yanngraf.com\/fr\/wp-json\/wp\/v2\/posts\/2445\/revisions"}],"wp:featuredmedia":[{"embeddable":true,"href":"https:\/\/www.yanngraf.com\/fr\/wp-json\/wp\/v2\/media\/2451"}],"wp:attachment":[{"href":"https:\/\/www.yanngraf.com\/fr\/wp-json\/wp\/v2\/media?parent=2445"}],"wp:term":[{"taxonomy":"category","embeddable":true,"href":"https:\/\/www.yanngraf.com\/fr\/wp-json\/wp\/v2\/categories?post=2445"},{"taxonomy":"post_tag","embeddable":true,"href":"https:\/\/www.yanngraf.com\/fr\/wp-json\/wp\/v2\/tags?post=2445"}],"curies":[{"name":"wp","href":"https:\/\/api.w.org\/{rel}","templated":true}]}}