{"id":2327,"date":"2012-04-25T11:47:26","date_gmt":"2012-04-25T09:47:26","guid":{"rendered":"http:\/\/www.yanngraf.com\/2011\/05\/02\/"},"modified":"2018-01-19T18:19:31","modified_gmt":"2018-01-19T16:19:31","slug":"emploi-environnement","status":"publish","type":"post","link":"https:\/\/www.yanngraf.com\/fr\/blog\/emploi-environnement\/","title":{"rendered":"Trouver un job vert en Suisse"},"content":{"rendered":"<p>Il faut le dire, les jobs verts et \u00e9colos sont tendances. Beaucoup de monde aimerait travailler dans le d\u00e9veloppement durable mais comment faire? Comment p\u00e9n\u00e9trer ce march\u00e9 du travail? \u00a0J&rsquo;ai rassembl\u00e9 ici quelques ressources en ligne qui pourraient vous aider.<\/p>\n<h2>Qu&rsquo;est-ce qu&rsquo;un emploi environnement?<\/h2>\n<p>Pour moi \u00e0 quoi ressemble ce poste? Vous participez \u00e0 la reforestation de l&rsquo;Amazonie ou aidez des entreprises \u00e0 acheter les bons mat\u00e9riaux? N&rsquo;importe quel m\u00e9tier peut devenir vert du moment qu&rsquo;il est effectu\u00e9 dans une entreprise qui pr\u00e9serve son environnement. Comptable pour le WWF, b\u00fbcheron FSC, codeur PHP pour Areva, acheteur pour Switcher (chercher le m\u00e9chant) sont des jobs verts (Je suis pas enti\u00e8rement convaincu par ce que j&rsquo;\u00e9cris ici, vous en pensez quoi?).<\/p>\n<p>EDIT: Mon ami, l&rsquo;excellent <a href=\"http:\/\/responsabilitesocialeentreprise.wordpress.com\/2012\/04\/25\/emplois-verts-en-suisse-et-ailleurs\/\">expert en CSR, s&rsquo;est pench\u00e9 sur la question.<\/a><\/p>\n<p><!--more--><\/p>\n<p><strong>Et voici les ressources pour trouver votre job durable de r\u00eave<\/strong><\/p>\n<h2>1) Les sites sp\u00e9cialis\u00e9s<\/h2>\n<p>En fait, je n&rsquo;ai pas trouv\u00e9 de site uniquement d\u00e9di\u00e9 aux jobs verts en Suisse. Cela n&rsquo;existe pas \u00e0 priori. Mais la liste ci-dessous est orient\u00e9e ONG\/social.<\/p>\n<ul>\n<li><a href=\"http:\/\/ja.kampagnenforum.ch\/\">KampagnenForum.ch<\/a> : Le site ne propose pas uniquement des emploi environnement, mais aussi dans le social et l&rsquo;humanitaire. Une ressource int\u00e9ressante pour les demandeurs d&#8217;emploi.<\/li>\n<li><a href=\"http:\/\/www.cinfo.ch\/org\/CP\/resultate.php?Regionen=&amp;Personalgruppen=&amp;Aufschaltdatum=&amp;order=Bewerbungsfrist&amp;send=Recherche\">Le Cinfo<\/a>: Plut\u00f4t tr\u00e8s humanitaire pour le coup, mais en cherchant bien vous trouverez surement des postes int\u00e9ressants.<\/li>\n<li><a href=\"http:\/\/www.emploi-environnement.com\">Emploi environnement<\/a>: Un site fran\u00e7ais, je n&rsquo;ai trouv\u00e9 que 3 offres pour la suisse. Un d\u00e9but. Mais vous avez peut-\u00eatre envie de vous expatrier en Aquitaine&#8230;<\/li>\n<li><a href=\"http:\/\/unjobs.org\/\">UNjobs<\/a>: le site des Nations Unies, c&rsquo;est fouill\u00e9 et difficile \u00e0 trier, mais y a du lourd.<\/li>\n<li><a href=\"http:\/\/devnetjobs.org\/default.aspx\">DevNetJobs<\/a>: Ce site a l&rsquo;air de r\u00e9unir pas mal de ressources, mais la plupart des fonctions sont payantes \ud83d\ude41<\/li>\n<li><a href=\"http:\/\/reliefweb.int\/jobs?search=&amp;sl=environment-job_listing%252Ctaxonomy_index_tid_country-225\">Reliefweb<\/a>: Une plateforme d&rsquo;information lanc\u00e9e par les Nations unies (tr\u00e8s ax\u00e9 humanitaire, d\u00e9veloppement)<\/li>\n<li><a href=\"http:\/\/www.bonial.fr\/Emplois-Verts\/\">Emploi Vert<\/a>: Portail fran\u00e7ais (de qualit\u00e9?)<\/li>\n<li><a href=\"http:\/\/www.genevaenvironmentnetwork.org\/?q=fr\/places-vacantes\">Geneva Environment Network<\/a>: Je viens de d\u00e9couvrir ce site, mais ils ont l&rsquo;air tr\u00e8s actif. 3 emploi environnement disponible pour l&rsquo;instant.<\/li>\n<li><a href=\"http:\/\/www.renewableenergyjobs.com\/\">Renewable Energy Jobs<\/a>\u00a0: Un site international propos\u00e9 par Dora<\/li>\n<\/ul>\n<h2>2) Les entreprises ou organisations actives dans le secteur<\/h2>\n<p>Visiter les sites des entreprises qu&rsquo;on estime correspondre \u00e0 nos crit\u00e8res \u00e9cologique et postuler.<\/p>\n<p><strong>Les organisations<\/strong><\/p>\n<ul>\n<li><a href=\"http:\/\/wwf.panda.org\/who_we_are\/jobs\/\">WWF international<\/a>\u00a0 \u2013 Le si\u00e8ge mondial est \u00e0 Gland. La page jobs est disponible en RSS, ce qui simplifie la veille. <a href=\"http:\/\/www.wwf.ch\/fr\/nous\/jobs\/\">La section suisse a aussi une page emploi<\/a>, malheureusement souvent vide.<\/li>\n<li><a href=\"https:\/\/hrms.iucn.org\/iresy\/index.cfm?event=vac.showOpenList\">IUCN<\/a> \u2013 Un gros organisme international bas\u00e9 \u00e0 Gland<\/li>\n<li><a href=\"http:\/\/www.solarimpulse.com\/\">SolarImpulse<\/a> \u2013 Le projet phare d&rsquo;avion solaire. Si vous \u00eatre ing\u00e9nieur seulement.<\/li>\n<li><a href=\"http:\/\/www.stelle.admin.ch\/stellen\/internet\/index.html?lang=fr&amp;wlsearch_sd_m1641_110=37201\">OFEN<\/a> &#8211; Office f\u00e9d\u00e9ral de l&rsquo;\u00e9nergie<\/li>\n<li><a href=\"http:\/\/unep.org\/vacancies\/default.asp\">UNEP<\/a>: Des postes bien pay\u00e9s \ud83d\ude09<\/li>\n<li><a href=\"http:\/\/naturschutz.ch\/jobs\">Natur Schutz<\/a>: Pour les plus suisse allemand d&rsquo;entre vous.<\/li>\n<\/ul>\n<p><strong>Les entreprises<\/strong><\/p>\n<ul>\n<li>Les SI \u2013 Les services industriels sont souvent actifs dans les domaines de l&rsquo;\u00e9cologie. D\u00e9veloppement d&rsquo;\u00e9co-quatriers, incitation \u00e0 des mesures d&rsquo;\u00e9nergie. <a href=\"http:\/\/www.sig-ge.ch\/corporate\/ressources-humaines\/nos-offres-d-emplois\/index.lbl\">SI de Gen\u00e8ve<\/a>, <a href=\"http:\/\/www.lausanne.ch\/thematiques\/services-industriels.html\">SI de Lausanne<\/a>, <a href=\"http:\/\/www.nyon.ch\/fr\/officiel\/travailler-a-nyon\/\">SI de Nyon<\/a>, etc.<\/li>\n<li><a href=\"https:\/\/www.mobility.ch\/fr\/jobs\/travailler-chez-mobility\/\">Mobility<\/a> \u2013 Le site suisse de car-sharing (c&rsquo;est plus ou moins \u00e9colo&#8230;)<\/li>\n<\/ul>\n<p>Il y en a pleins d&rsquo;autres mais je vais pas vous faire un listing complet.<\/p>\n<h2>3) Le networking<\/h2>\n<p>Le plus important pour trouver un emploi reste selon moi le networking. Rencontrer les acteurs d&rsquo;un domaine et se rendre visible aupr\u00e8s d&rsquo;eux devrait \u00eatre votre priorit\u00e9 N\u00b01. Oui mais comment? Il existe beaucoup d&rsquo;associations ou d&rsquo;organisme active dans ce cr\u00e9neau. Ils ont toujours besoin de nouveaux bras. Montrez leurs ce que vous savez faire. Impliquez-vous dans vos projets. Voici quelques pistes pour commencer.<\/p>\n<ul>\n<li><a href=\"http:\/\/www.festivaldelaterre.ch\/\">Le festival de la Terre:<\/a>\u00a0Le festival \u00e9colo incontournable en Suisse Romande<\/li>\n<li><a href=\"http:\/\/www.g-21.ch\">Le G21<\/a>: LE forum pro sur la durabilit\u00e9 en Romandie<\/li>\n<li><a href=\"http:\/\/www.ecohome-fribourg.ch\/\">Eco Home<\/a>: Le salon de l&rsquo;\u00e9co-construction \u00e0 Fribourg<\/li>\n<li><a href=\"http:\/\/energissima.ch\/\">Energissima:<\/a> Le salon des \u00e9nergies renouvelables<\/li>\n<li><a href=\"http:\/\/www.genevaenvironmentnetwork.org\/?q=fr\/evenements-venir\">Geneva Environment Network<\/a>: Voil\u00e0 une masse d&rsquo;event<\/li>\n<li><a href=\"http:\/\/www.ccig.ch\/Developperlesreseaux\/RencontresEntreprises\/RencontresManagementDurable\/\">Rencontre du Management durable<\/a>: Quelqu&rsquo;un est d\u00e9j\u00e0 all\u00e9?<\/li>\n<\/ul>\n<p>Note: le networking est surement le meilleur investissement que vous puissiez faire pour votre employabilit\u00e9. Mais voyez le \u00e0 long terme, vous devez \u00e9tablir une relation de confiance avec vos interlocuteurs. Soyez patient.<\/p>\n<p>Mais plut\u00f4t que de trouver un job \u00ab\u00a0vert\u00a0\u00bb n&rsquo;est il pas plus int\u00e9ressant de verdir le sien? D&rsquo;initier des projets \u00e9cologique dans son environnement de travail actuel? Le d\u00e9bat est ouvert.<\/p>\n<p>Et surtout, n&rsquo;h\u00e9sitez pas \u00e0 partager vos liens et tips.<\/p>\n","protected":false},"excerpt":{"rendered":"<p>Beaucoup de monde aimerait travailler dans le d\u00e9veloppement durable mais comment faire?<\/p>\n","protected":false},"author":4,"featured_media":4465,"comment_status":"closed","ping_status":"closed","sticky":false,"template":"","format":"standard","meta":{"_acf_changed":false,"footnotes":""},"categories":[592],"tags":[],"class_list":["post-2327","post","type-post","status-publish","format-standard","has-post-thumbnail","hentry","category-non-classifiee"],"acf":[],"yoast_head":"<!-- This site is optimized with the Yoast SEO plugin v27.5 - https:\/\/yoast.com\/product\/yoast-seo-wordpress\/ -->\n<title>Emploi environnement - Trouver un job vert en Suisse<\/title>\n<meta name=\"description\" content=\"Beaucoup de monde aimerait travailler dans le d\u00e9veloppement durable. Mais Comment p\u00e9n\u00e9trer ce march\u00e9? O\u00f9 trouver cet emploi environnement?\" \/>\n<meta name=\"robots\" content=\"index, follow, max-snippet:-1, max-image-preview:large, max-video-preview:-1\" \/>\n<link rel=\"canonical\" href=\"https:\/\/www.yanngraf.com\/fr\/blog\/emploi-environnement\/\" \/>\n<meta property=\"og:locale\" content=\"fr_FR\" \/>\n<meta property=\"og:type\" content=\"article\" \/>\n<meta property=\"og:title\" content=\"Emploi environnement - Trouver un job vert en Suisse\" \/>\n<meta property=\"og:description\" content=\"Beaucoup de monde aimerait travailler dans le d\u00e9veloppement durable. Mais Comment p\u00e9n\u00e9trer ce march\u00e9? O\u00f9 trouver cet emploi environnement?\" \/>\n<meta property=\"og:url\" content=\"https:\/\/www.yanngraf.com\/fr\/blog\/emploi-environnement\/\" \/>\n<meta property=\"og:site_name\" content=\"Yann Graf\" \/>\n<meta property=\"article:publisher\" content=\"https:\/\/www.facebook.com\/yanngrafcom\/\" \/>\n<meta property=\"article:author\" content=\"https:\/\/www.facebook.com\/yanngraf\" \/>\n<meta property=\"article:published_time\" content=\"2012-04-25T09:47:26+00:00\" \/>\n<meta property=\"article:modified_time\" content=\"2018-01-19T16:19:31+00:00\" \/>\n<meta property=\"og:image\" content=\"https:\/\/www.yanngraf.com\/wp-content\/uploads\/2012\/04\/5996551914_c01bd10ced_b1.jpg\" \/>\n\t<meta property=\"og:image:width\" content=\"960\" \/>\n\t<meta property=\"og:image:height\" content=\"640\" \/>\n\t<meta property=\"og:image:type\" content=\"image\/jpeg\" \/>\n<meta name=\"author\" content=\"Yann Graf\" \/>\n<meta name=\"twitter:card\" content=\"summary_large_image\" \/>\n<meta name=\"twitter:creator\" content=\"@http:\/\/www.twitter.com\/yanngraf\" \/>\n<meta name=\"twitter:site\" content=\"@yanngraf\" \/>\n<meta name=\"twitter:label1\" content=\"\u00c9crit par\" \/>\n\t<meta name=\"twitter:data1\" content=\"Yann Graf\" \/>\n\t<meta name=\"twitter:label2\" content=\"Dur\u00e9e de lecture estim\u00e9e\" \/>\n\t<meta name=\"twitter:data2\" content=\"4 minutes\" \/>\n<script type=\"application\/ld+json\" class=\"yoast-schema-graph\">{\"@context\":\"https:\\\/\\\/schema.org\",\"@graph\":[{\"@type\":\"Article\",\"@id\":\"https:\\\/\\\/www.yanngraf.com\\\/fr\\\/blog\\\/emploi-environnement\\\/#article\",\"isPartOf\":{\"@id\":\"https:\\\/\\\/www.yanngraf.com\\\/fr\\\/blog\\\/emploi-environnement\\\/\"},\"author\":{\"name\":\"Yann Graf\",\"@id\":\"https:\\\/\\\/www.yanngraf.com\\\/fr\\\/#\\\/schema\\\/person\\\/cb6cc65295b564034642b1d8e38e0fd3\"},\"headline\":\"Trouver un job vert en Suisse\",\"datePublished\":\"2012-04-25T09:47:26+00:00\",\"dateModified\":\"2018-01-19T16:19:31+00:00\",\"mainEntityOfPage\":{\"@id\":\"https:\\\/\\\/www.yanngraf.com\\\/fr\\\/blog\\\/emploi-environnement\\\/\"},\"wordCount\":742,\"image\":{\"@id\":\"https:\\\/\\\/www.yanngraf.com\\\/fr\\\/blog\\\/emploi-environnement\\\/#primaryimage\"},\"thumbnailUrl\":\"https:\\\/\\\/www.yanngraf.com\\\/wp-content\\\/uploads\\\/2012\\\/04\\\/5996551914_c01bd10ced_b1.jpg\",\"articleSection\":[\"Non classifi\u00e9(e)\"],\"inLanguage\":\"fr-FR\"},{\"@type\":\"WebPage\",\"@id\":\"https:\\\/\\\/www.yanngraf.com\\\/fr\\\/blog\\\/emploi-environnement\\\/\",\"url\":\"https:\\\/\\\/www.yanngraf.com\\\/fr\\\/blog\\\/emploi-environnement\\\/\",\"name\":\"Emploi environnement - Trouver un job vert en Suisse\",\"isPartOf\":{\"@id\":\"https:\\\/\\\/www.yanngraf.com\\\/fr\\\/#website\"},\"primaryImageOfPage\":{\"@id\":\"https:\\\/\\\/www.yanngraf.com\\\/fr\\\/blog\\\/emploi-environnement\\\/#primaryimage\"},\"image\":{\"@id\":\"https:\\\/\\\/www.yanngraf.com\\\/fr\\\/blog\\\/emploi-environnement\\\/#primaryimage\"},\"thumbnailUrl\":\"https:\\\/\\\/www.yanngraf.com\\\/wp-content\\\/uploads\\\/2012\\\/04\\\/5996551914_c01bd10ced_b1.jpg\",\"datePublished\":\"2012-04-25T09:47:26+00:00\",\"dateModified\":\"2018-01-19T16:19:31+00:00\",\"author\":{\"@id\":\"https:\\\/\\\/www.yanngraf.com\\\/fr\\\/#\\\/schema\\\/person\\\/cb6cc65295b564034642b1d8e38e0fd3\"},\"description\":\"Beaucoup de monde aimerait travailler dans le d\u00e9veloppement durable. Mais Comment p\u00e9n\u00e9trer ce march\u00e9? O\u00f9 trouver cet emploi environnement?\",\"breadcrumb\":{\"@id\":\"https:\\\/\\\/www.yanngraf.com\\\/fr\\\/blog\\\/emploi-environnement\\\/#breadcrumb\"},\"inLanguage\":\"fr-FR\",\"potentialAction\":[{\"@type\":\"ReadAction\",\"target\":[\"https:\\\/\\\/www.yanngraf.com\\\/fr\\\/blog\\\/emploi-environnement\\\/\"]}]},{\"@type\":\"ImageObject\",\"inLanguage\":\"fr-FR\",\"@id\":\"https:\\\/\\\/www.yanngraf.com\\\/fr\\\/blog\\\/emploi-environnement\\\/#primaryimage\",\"url\":\"https:\\\/\\\/www.yanngraf.com\\\/wp-content\\\/uploads\\\/2012\\\/04\\\/5996551914_c01bd10ced_b1.jpg\",\"contentUrl\":\"https:\\\/\\\/www.yanngraf.com\\\/wp-content\\\/uploads\\\/2012\\\/04\\\/5996551914_c01bd10ced_b1.jpg\",\"width\":960,\"height\":640,\"caption\":\"Toi aussi devient un homme vert \u2013 Creative Commons Sam Breach (sixybeast)\"},{\"@type\":\"BreadcrumbList\",\"@id\":\"https:\\\/\\\/www.yanngraf.com\\\/fr\\\/blog\\\/emploi-environnement\\\/#breadcrumb\",\"itemListElement\":[{\"@type\":\"ListItem\",\"position\":1,\"name\":\"Home\",\"item\":\"https:\\\/\\\/www.yanngraf.com\\\/fr\\\/\"},{\"@type\":\"ListItem\",\"position\":2,\"name\":\"Trouver un job vert en Suisse\"}]},{\"@type\":\"WebSite\",\"@id\":\"https:\\\/\\\/www.yanngraf.com\\\/fr\\\/#website\",\"url\":\"https:\\\/\\\/www.yanngraf.com\\\/fr\\\/\",\"name\":\"Yann Graf\",\"description\":\"I&#039;m a Digital Project Manager from Switzerland\",\"potentialAction\":[{\"@type\":\"SearchAction\",\"target\":{\"@type\":\"EntryPoint\",\"urlTemplate\":\"https:\\\/\\\/www.yanngraf.com\\\/fr\\\/?s={search_term_string}\"},\"query-input\":{\"@type\":\"PropertyValueSpecification\",\"valueRequired\":true,\"valueName\":\"search_term_string\"}}],\"inLanguage\":\"fr-FR\"},{\"@type\":\"Person\",\"@id\":\"https:\\\/\\\/www.yanngraf.com\\\/fr\\\/#\\\/schema\\\/person\\\/cb6cc65295b564034642b1d8e38e0fd3\",\"name\":\"Yann Graf\",\"description\":\"I am an experienced Digital Strategy Consultant based in Switzerland. After over seven year respectfully crafting and improving the digital presence of Terre des hommes, Nautilus and G-Star Raw, I am now a freelancer. Please have a look at my Portfolio\",\"sameAs\":[\"http:\\\/\\\/www.yanngraf.com\",\"https:\\\/\\\/www.facebook.com\\\/yanngraf\",\"https:\\\/\\\/x.com\\\/http:\\\/\\\/www.twitter.com\\\/yanngraf\"]}]}<\/script>\n<!-- \/ Yoast SEO plugin. -->","yoast_head_json":{"title":"Emploi environnement - Trouver un job vert en Suisse","description":"Beaucoup de monde aimerait travailler dans le d\u00e9veloppement durable. Mais Comment p\u00e9n\u00e9trer ce march\u00e9? O\u00f9 trouver cet emploi environnement?","robots":{"index":"index","follow":"follow","max-snippet":"max-snippet:-1","max-image-preview":"max-image-preview:large","max-video-preview":"max-video-preview:-1"},"canonical":"https:\/\/www.yanngraf.com\/fr\/blog\/emploi-environnement\/","og_locale":"fr_FR","og_type":"article","og_title":"Emploi environnement - Trouver un job vert en Suisse","og_description":"Beaucoup de monde aimerait travailler dans le d\u00e9veloppement durable. Mais Comment p\u00e9n\u00e9trer ce march\u00e9? O\u00f9 trouver cet emploi environnement?","og_url":"https:\/\/www.yanngraf.com\/fr\/blog\/emploi-environnement\/","og_site_name":"Yann Graf","article_publisher":"https:\/\/www.facebook.com\/yanngrafcom\/","article_author":"https:\/\/www.facebook.com\/yanngraf","article_published_time":"2012-04-25T09:47:26+00:00","article_modified_time":"2018-01-19T16:19:31+00:00","og_image":[{"width":960,"height":640,"url":"https:\/\/www.yanngraf.com\/wp-content\/uploads\/2012\/04\/5996551914_c01bd10ced_b1.jpg","type":"image\/jpeg"}],"author":"Yann Graf","twitter_card":"summary_large_image","twitter_creator":"@http:\/\/www.twitter.com\/yanngraf","twitter_site":"@yanngraf","twitter_misc":{"\u00c9crit par":"Yann Graf","Dur\u00e9e de lecture estim\u00e9e":"4 minutes"},"schema":{"@context":"https:\/\/schema.org","@graph":[{"@type":"Article","@id":"https:\/\/www.yanngraf.com\/fr\/blog\/emploi-environnement\/#article","isPartOf":{"@id":"https:\/\/www.yanngraf.com\/fr\/blog\/emploi-environnement\/"},"author":{"name":"Yann Graf","@id":"https:\/\/www.yanngraf.com\/fr\/#\/schema\/person\/cb6cc65295b564034642b1d8e38e0fd3"},"headline":"Trouver un job vert en Suisse","datePublished":"2012-04-25T09:47:26+00:00","dateModified":"2018-01-19T16:19:31+00:00","mainEntityOfPage":{"@id":"https:\/\/www.yanngraf.com\/fr\/blog\/emploi-environnement\/"},"wordCount":742,"image":{"@id":"https:\/\/www.yanngraf.com\/fr\/blog\/emploi-environnement\/#primaryimage"},"thumbnailUrl":"https:\/\/www.yanngraf.com\/wp-content\/uploads\/2012\/04\/5996551914_c01bd10ced_b1.jpg","articleSection":["Non classifi\u00e9(e)"],"inLanguage":"fr-FR"},{"@type":"WebPage","@id":"https:\/\/www.yanngraf.com\/fr\/blog\/emploi-environnement\/","url":"https:\/\/www.yanngraf.com\/fr\/blog\/emploi-environnement\/","name":"Emploi environnement - Trouver un job vert en Suisse","isPartOf":{"@id":"https:\/\/www.yanngraf.com\/fr\/#website"},"primaryImageOfPage":{"@id":"https:\/\/www.yanngraf.com\/fr\/blog\/emploi-environnement\/#primaryimage"},"image":{"@id":"https:\/\/www.yanngraf.com\/fr\/blog\/emploi-environnement\/#primaryimage"},"thumbnailUrl":"https:\/\/www.yanngraf.com\/wp-content\/uploads\/2012\/04\/5996551914_c01bd10ced_b1.jpg","datePublished":"2012-04-25T09:47:26+00:00","dateModified":"2018-01-19T16:19:31+00:00","author":{"@id":"https:\/\/www.yanngraf.com\/fr\/#\/schema\/person\/cb6cc65295b564034642b1d8e38e0fd3"},"description":"Beaucoup de monde aimerait travailler dans le d\u00e9veloppement durable. Mais Comment p\u00e9n\u00e9trer ce march\u00e9? O\u00f9 trouver cet emploi environnement?","breadcrumb":{"@id":"https:\/\/www.yanngraf.com\/fr\/blog\/emploi-environnement\/#breadcrumb"},"inLanguage":"fr-FR","potentialAction":[{"@type":"ReadAction","target":["https:\/\/www.yanngraf.com\/fr\/blog\/emploi-environnement\/"]}]},{"@type":"ImageObject","inLanguage":"fr-FR","@id":"https:\/\/www.yanngraf.com\/fr\/blog\/emploi-environnement\/#primaryimage","url":"https:\/\/www.yanngraf.com\/wp-content\/uploads\/2012\/04\/5996551914_c01bd10ced_b1.jpg","contentUrl":"https:\/\/www.yanngraf.com\/wp-content\/uploads\/2012\/04\/5996551914_c01bd10ced_b1.jpg","width":960,"height":640,"caption":"Toi aussi devient un homme vert \u2013 Creative Commons Sam Breach (sixybeast)"},{"@type":"BreadcrumbList","@id":"https:\/\/www.yanngraf.com\/fr\/blog\/emploi-environnement\/#breadcrumb","itemListElement":[{"@type":"ListItem","position":1,"name":"Home","item":"https:\/\/www.yanngraf.com\/fr\/"},{"@type":"ListItem","position":2,"name":"Trouver un job vert en Suisse"}]},{"@type":"WebSite","@id":"https:\/\/www.yanngraf.com\/fr\/#website","url":"https:\/\/www.yanngraf.com\/fr\/","name":"Yann Graf","description":"I&#039;m a Digital Project Manager from Switzerland","potentialAction":[{"@type":"SearchAction","target":{"@type":"EntryPoint","urlTemplate":"https:\/\/www.yanngraf.com\/fr\/?s={search_term_string}"},"query-input":{"@type":"PropertyValueSpecification","valueRequired":true,"valueName":"search_term_string"}}],"inLanguage":"fr-FR"},{"@type":"Person","@id":"https:\/\/www.yanngraf.com\/fr\/#\/schema\/person\/cb6cc65295b564034642b1d8e38e0fd3","name":"Yann Graf","description":"I am an experienced Digital Strategy Consultant based in Switzerland. After over seven year respectfully crafting and improving the digital presence of Terre des hommes, Nautilus and G-Star Raw, I am now a freelancer. Please have a look at my Portfolio","sameAs":["http:\/\/www.yanngraf.com","https:\/\/www.facebook.com\/yanngraf","https:\/\/x.com\/http:\/\/www.twitter.com\/yanngraf"]}]}},"_links":{"self":[{"href":"https:\/\/www.yanngraf.com\/fr\/wp-json\/wp\/v2\/posts\/2327","targetHints":{"allow":["GET"]}}],"collection":[{"href":"https:\/\/www.yanngraf.com\/fr\/wp-json\/wp\/v2\/posts"}],"about":[{"href":"https:\/\/www.yanngraf.com\/fr\/wp-json\/wp\/v2\/types\/post"}],"author":[{"embeddable":true,"href":"https:\/\/www.yanngraf.com\/fr\/wp-json\/wp\/v2\/users\/4"}],"replies":[{"embeddable":true,"href":"https:\/\/www.yanngraf.com\/fr\/wp-json\/wp\/v2\/comments?post=2327"}],"version-history":[{"count":0,"href":"https:\/\/www.yanngraf.com\/fr\/wp-json\/wp\/v2\/posts\/2327\/revisions"}],"wp:featuredmedia":[{"embeddable":true,"href":"https:\/\/www.yanngraf.com\/fr\/wp-json\/wp\/v2\/media\/4465"}],"wp:attachment":[{"href":"https:\/\/www.yanngraf.com\/fr\/wp-json\/wp\/v2\/media?parent=2327"}],"wp:term":[{"taxonomy":"category","embeddable":true,"href":"https:\/\/www.yanngraf.com\/fr\/wp-json\/wp\/v2\/categories?post=2327"},{"taxonomy":"post_tag","embeddable":true,"href":"https:\/\/www.yanngraf.com\/fr\/wp-json\/wp\/v2\/tags?post=2327"}],"curies":[{"name":"wp","href":"https:\/\/api.w.org\/{rel}","templated":true}]}}