{"id":2246,"date":"2011-05-06T16:02:09","date_gmt":"2011-05-06T14:02:09","guid":{"rendered":"http:\/\/www.yanngraf.com\/2011\/04\/20\/"},"modified":"2017-07-14T17:09:28","modified_gmt":"2017-07-14T15:09:28","slug":"agences-communication-ecolo-sociale","status":"publish","type":"post","link":"https:\/\/www.yanngraf.com\/fr\/blog\/agences-communication-ecolo-sociale\/","title":{"rendered":"Agences de communication \u00e9colo: Des sites web en Birkenstock"},"content":{"rendered":"<p>Il y a quelques jours j\u2019ai post\u00e9 un message sur Twitter demandant au gens de m\u2019envoyer leurs adresses d\u2019agences de communication \u00e9colo et sociale. J\u2019\u00e9tais curieux de voir ce qu\u2019il y avait comme entreprises dans ce secteur en Suisse. J\u2019en connaissais que trois ind\u00e9pendants lausannois.<\/p>\n<p>L\u2019ann\u00e9e pass\u00e9e j\u2019avais publi\u00e9 un <a href=\"https:\/\/www.yanngraf.com\/fr\/blog\/agence-de-communication-lausanne\/\">Top 10 des agences de comm&rsquo; romandes<\/a>, j\u2019aurai voulu r\u00e9it\u00e9rer \u00e7a avec nos amis \u00e9colo. Mais\u2026 j\u2019ai \u00e9t\u00e9 d\u00e9\u00e7u des liens que j\u2019ai re\u00e7u. Pour la plupart, je me suis retrouv\u00e9 face \u00e0 des sites d\u00e9mod\u00e9s et d\u00e9fa\u00eechis.<\/p>\n<p>Finalement l\u2019image de l\u2019\u00e9colo avec ses habits en chanvre bio et ses Birkenstock transpire \u00e0 travers ces pages. Et je trouve \u00e7a dommage, pour moi le d\u00e9veloppement durable devrait avoir un image avant-gardiste et moderne.<\/p>\n<p>Je ne remets pas en cause leur travail, simplement je pense que la plupart aurait tout a gagn\u00e9 de rafra\u00eechir un coup leur vitrine web. A quand l\u2019agence web \u00e9colo au top de la tendance\u00a0avec un charte de travail \u00e9thique en vid\u00e9o \u00fcber-funky?<\/p>\n<p>Donc voici les sites, je ne les ai pas class\u00e9. Pas de Top 10 ce coup-ci. J&rsquo;ai quand m\u00eame mis le meilleur site en premier \ud83d\ude09<\/p>\n<h3>Kampagnen Forum &#8211; Z\u00fcrich<\/h3>\n<p><img decoding=\"async\" style=\"border: 1px solid black;\" title=\"Kampagnen Forum Z\u00fcrich\" src=\"http:\/\/www.yanngraf.com\/wp-content\/uploads\/2011\/05\/kampagnen-forum-520x340.jpg\" alt=\"Kampagnen Forum Z\u00fcrich\" width=\"520\" height=\"340\" \/><\/p>\n<p>Une agence de communication pour \u00ab\u00a0ONG\u00a0\u00bb bas\u00e9e \u00e0 Z\u00fcrich. C&rsquo;est le seul site qui int\u00e8gre vraiment les r\u00e9seaux sociaux dans sa strat\u00e9gie. Un site 2011 quoi.<a href=\"http:\/\/www.kampagnenforum.ch\/\"><br \/>\nwww.kampagnenforum.ch<\/a><\/p>\n<p>&nbsp;<\/p>\n<p><!--more--><\/p>\n<h3>Philippe Casse \u2013 Lausanne<\/h3>\n<p><img decoding=\"async\" title=\"Philippe Casse Communications\" src=\"http:\/\/www.yanngraf.com\/wp-content\/uploads\/2011\/05\/philippe-casse-520x351.jpg\" alt=\"\" width=\"520\" height=\"351\" \/><\/p>\n<p>Philippe est ind\u00e9pendant mais aussi un camarde de cours (<a href=\"https:\/\/www.yanngraf.com\/fr\/blog\/formations-ecolo-suisse-romande\/\">formation WWF<\/a>). Voici donc un site site \u00e9pur\u00e9, optimis\u00e9 pour un \u00e9cran 27&prime;<br \/>\n<a href=\"http:\/\/www.philippecasse.ch\">www.philippecasse.ch<\/a><\/p>\n<p>&nbsp;<\/p>\n<h3>Bleu Vert Communications \u2013 Lausanne<\/h3>\n<p><img decoding=\"async\" class=\"alignnone size-medium wp-image-2319\" style=\"border: 1px solid black;\" title=\"Bleu Vert Communications\" src=\"http:\/\/www.yanngraf.com\/wp-content\/uploads\/2011\/05\/bleu-vert-communications-520x385.jpg\" alt=\"Bleu Vert Communications Lausanne\" width=\"520\" height=\"385\" \/><\/p>\n<p>Vincent est ind\u00e9pendant. Il est g\u00e9n\u00e9ralement le gars derri\u00e8re toutes les pr\u00e9sences web de <a href=\"http:\/\/www.nicefuture.com\/\">NiceFuture<\/a>.<br \/>\n<a href=\"http:\/\/www.bleu-vert.ch\/\">www.bleu-vert.ch<\/a><\/p>\n<p>&nbsp;<\/p>\n<h3>Spinas Gemperle<\/h3>\n<p><img decoding=\"async\" class=\"alignnone size-full wp-image-2344\" style=\"border: 1px solid black;\" title=\"spinas\" src=\"http:\/\/www.yanngraf.com\/wp-content\/uploads\/2011\/05\/spinas.jpg\" alt=\"\" width=\"520\" height=\"326\" srcset=\"https:\/\/www.yanngraf.com\/wp-content\/uploads\/2011\/05\/spinas.jpg 520w, https:\/\/www.yanngraf.com\/wp-content\/uploads\/2011\/05\/spinas-380x238.jpg 380w, https:\/\/www.yanngraf.com\/wp-content\/uploads\/2011\/05\/spinas-190x119.jpg 190w, https:\/\/www.yanngraf.com\/wp-content\/uploads\/2011\/05\/spinas-20x13.jpg 20w\" sizes=\"(max-width: 520px) 100vw, 520px\" \/><\/p>\n<p>Ils travaillent beaucoup (exlcusivement?) avec les ONG, ils ont r\u00e9alis\u00e9 pas mal des affiches mondiales que vous croisez dans la rue (Helvetas, D\u00e9claration de Berne, OSEO). Leur site ne repr\u00e9sente vraiment pas la qualit\u00e9 de leur travail, dommage. (Via <a href=\"http:\/\/twitter.com\/joanabo\">@joanabo<\/a>)<a href=\"http:\/\/www.spinas-cv.ch\/\"><br \/>\nwww.spinas-cv.ch<\/a><\/p>\n<p>&nbsp;<\/p>\n<h3>Sillage &#8211; Gen\u00e8ve<\/h3>\n<p><img decoding=\"async\" class=\"alignnone size-medium wp-image-2321\" style=\"border: 1px solid black;\" title=\"sillage\" src=\"http:\/\/www.yanngraf.com\/wp-content\/uploads\/2011\/05\/sillage-520x286.jpg\" alt=\"\" width=\"520\" height=\"286\" \/><\/p>\n<p>Sillage est la marque de Helena de Freitas, une ind\u00e9pendante genevoise tr\u00e8s engag\u00e9e. (via <a href=\"http:\/\/twitter.com\/munsterma\">@munsterma<\/a>)<br \/>\n<a href=\"http:\/\/www.sillage.ch\/\">www.sillage.ch<\/a><\/p>\n<p>&nbsp;<\/p>\n<h3>Spillmann \/ Felser \/ Leo Burnet &#8211; Z\u00fcrich<\/h3>\n<p><img decoding=\"async\" class=\"alignnone size-medium wp-image-2322\" style=\"border: 1px solid black;\" title=\"spillman\" src=\"http:\/\/www.yanngraf.com\/wp-content\/uploads\/2011\/05\/spillman-520x338.jpg\" alt=\"\" width=\"520\" height=\"338\" \/><\/p>\n<p>Dans les clients on trouve beaucoup de noms connus, des grosses organisations. Mais la photo \u00fcber-cheap en premi\u00e8re page c&rsquo;est vraiment pas top. Et ce background&#8230; (via <a href=\"http:\/\/twitter.com\/@r_appel\">@r_appel<\/a>)<a href=\"http:\/\/www.sflb.ch\/\"><br \/>\nwww.sflb.ch<\/a><\/p>\n<p>&nbsp;<\/p>\n<h3>Wasabi &#8211; Lausanne<\/h3>\n<p><img decoding=\"async\" class=\"alignnone size-medium wp-image-2323\" style=\"border: 1px solid black;\" title=\"wasabi-design\" src=\"http:\/\/www.yanngraf.com\/wp-content\/uploads\/2011\/05\/wasabi-design-520x355.jpg\" alt=\"\" width=\"520\" height=\"355\" \/><\/p>\n<p>Samantha a aussi suivi la formation du WWF avant moi (Conseil et Communication en environnement).\u00a0<a href=\"http:\/\/www.wasabidesign.ch\/\"><br \/>\nwww.wasabidesign.ch<\/a><\/p>\n<p>&nbsp;<\/p>\n<h3>Walker Werbeagentur &#8211; Z\u00fcrich<\/h3>\n<p><img decoding=\"async\" class=\"alignnone size-medium wp-image-2324\" title=\"walker\" src=\"http:\/\/www.yanngraf.com\/wp-content\/uploads\/2011\/05\/walker-520x346.jpg\" alt=\"\" width=\"520\" height=\"346\" \/><\/p>\n<p>La premi\u00e8re fois que j&rsquo;entends parler d&rsquo;eux. L&rsquo;int\u00e9gration de l&rsquo;affiche Amnesty est tr\u00e8s bien r\u00e9ussi, le site en Flash&#8230; moins. (Via <a href=\"http:\/\/twitter.com\/r_appel\">@r_appel<\/a>)<br \/>\n<a href=\"http:\/\/www.walker.ag\">www.walker.ag<\/a><\/p>\n<p>&nbsp;<\/p>\n<h3>Id Agency &#8211; Gen\u00e8ve<\/h3>\n<p><img decoding=\"async\" class=\"alignnone size-medium wp-image-2325\" style=\"border: 1px solid black;\" title=\"Id-agency\" src=\"http:\/\/www.yanngraf.com\/wp-content\/uploads\/2011\/05\/Id-agency-520x384.jpg\" alt=\"\" width=\"520\" height=\"384\" \/><\/p>\n<p>Une agence de relations publique genevoise.<a href=\"http:\/\/www.idagency.ch\/\"><br \/>\nwww.idagency.ch<\/a><\/p>\n<p>&nbsp;<\/p>\n<h3>Locher,\u00a0Schmill,\u00a0Van\u00a0Wezemael &amp; Partner AG &#8211; B\u00e2le<\/h3>\n<p><img decoding=\"async\" class=\"alignnone size-medium wp-image-2333\" title=\"locher\" src=\"http:\/\/www.yanngraf.com\/wp-content\/uploads\/2011\/05\/locher-520x323.jpg\" alt=\"\" width=\"520\" height=\"323\" \/><\/p>\n<p>Pleins de noms connu dans les r\u00e9f\u00e9rences. Mais tr\u00e8s peu d&rsquo;images. (via <a href=\"http:\/\/twitter.com\/munsterma\">@munsterma<\/a>)<\/p>\n<p>&nbsp;<\/p>\n<h3>Ecos &#8211; B\u00e2le<\/h3>\n<p><img decoding=\"async\" class=\"alignnone size-medium wp-image-2332\" style=\"border: 1px solid black;\" title=\"ecos\" src=\"http:\/\/www.yanngraf.com\/wp-content\/uploads\/2011\/05\/ecos-520x326.jpg\" alt=\"\" width=\"520\" height=\"326\" \/><\/p>\n<p>A part faire de la communication ils organisent aussi le festival\/foire\/ramdam <a href=\"http:\/\/www.natur.ch\/fr\/allgemeines\/accueil\/\">Natur<\/a>. (via <a href=\"http:\/\/twitter.com\/munsterma\">@munsterma<\/a>)<a href=\"http:\/\/www.ecos.ch\/fr\/ecos-communication\/\"><br \/>\nwww.ecos.ch<\/a><\/p>\n<p>&nbsp;<\/p>\n<h3>Business Campaigning &#8211; Z\u00fcrich<\/h3>\n<p><img decoding=\"async\" class=\"alignnone size-medium wp-image-2331\" title=\"business-campaigning\" src=\"http:\/\/www.yanngraf.com\/wp-content\/uploads\/2011\/05\/business-campaigning-520x329.jpg\" alt=\"\" width=\"520\" height=\"329\" \/><\/p>\n<p>Marc t&rsquo;est sur de ton info? Ils bossent pour Dow Chemical et Economiesuisse&#8230; (via <a href=\"http:\/\/twitter.com\/munsterma\">@munsterma<\/a>)<a href=\"http:\/\/www.businesscampaigning.ch\/\"><br \/>\nwww.businesscampaigning.ch<\/a><\/p>\n<p>&nbsp;<\/p>\n<h3>Gammarus &#8211; Z\u00fcrich<\/h3>\n<p><img decoding=\"async\" class=\"alignnone size-medium wp-image-2330\" style=\"border: 1px solid black;\" title=\"gammarus\" src=\"http:\/\/www.yanngraf.com\/wp-content\/uploads\/2011\/05\/gammarus-520x297.jpg\" alt=\"\" width=\"520\" height=\"297\" \/><\/p>\n<p>(via <a href=\"http:\/\/twitter.com\/munsterma\">@munsterma<\/a>)<a href=\"http:\/\/www.gammarus.ch\/\"><br \/>\nwww.gammarus.ch<\/a><\/p>\n[UPDATE] Ap\u00e8rs la publication de l&rsquo;article, j&rsquo;ai re\u00e7u ces deux liens d&rsquo;agence qui ont effectivement aussi leur place dans cette liste.<\/p>\n<h3>Green Lab &#8211; Lausanne<\/h3>\n<p><img decoding=\"async\" class=\"alignnone size-medium wp-image-2374\" style=\"border: 1px solid black;\" title=\"Greenlab\" src=\"http:\/\/www.yanngraf.com\/wp-content\/uploads\/2011\/05\/greenlab-520x273.jpg\" alt=\"\" width=\"520\" height=\"273\" \/><\/p>\n<p><a href=\"http:\/\/www.greenlab.ch\">www.greenlab.ch<\/a><\/p>\n<h3>CR Kommunikation &#8211; Berne<\/h3>\n<p><img decoding=\"async\" class=\"alignnone size-medium wp-image-2375\" style=\"border: 1px solid black;\" title=\"crkomm\" src=\"http:\/\/www.yanngraf.com\/wp-content\/uploads\/2011\/05\/crkomm-520x325.jpg\" alt=\"\" width=\"520\" height=\"325\" \/><\/p>\n<p><a href=\"http:\/\/www.crkom.ch\">www.crkom.ch<\/a><\/p>\n<p>&nbsp;<\/p>\n<p>Vous en connaissez d\u2019autres qui devraient figurer ici\u00a0? J\u2019aimerai bien r\u00e9aliser un Top 10 des agences \u00e9colos\/sociales internationales mais je n\u2019en connais aucune. Fa\u00eetes p\u00e9ter les links. Bon weekend.<\/p>\n","protected":false},"excerpt":{"rendered":"<p>L\u2019ann\u00e9e pass\u00e9 j\u2019avais publi\u00e9 un Top 10 des agences de comm&rsquo; romandes, j\u2019aurai voulu r\u00e9it\u00e9rer \u00e7a avec nos amis \u00e9colo. Mais\u2026 j\u2019ai \u00e9t\u00e9 d\u00e9\u00e7u des liens que j\u2019ai re\u00e7u. <\/p>\n","protected":false},"author":4,"featured_media":2320,"comment_status":"closed","ping_status":"closed","sticky":false,"template":"","format":"standard","meta":{"_acf_changed":false,"footnotes":""},"categories":[592],"tags":[],"class_list":["post-2246","post","type-post","status-publish","format-standard","has-post-thumbnail","hentry","category-non-classifiee"],"acf":[],"yoast_head":"<!-- This site is optimized with the Yoast SEO plugin v27.5 - https:\/\/yoast.com\/product\/yoast-seo-wordpress\/ -->\n<title>Agences de communication \u00e9colo: Des sites web en Birkenstock<\/title>\n<meta name=\"description\" content=\"L\u2019ann\u00e9e pass\u00e9e j\u2019avais publi\u00e9 un Top 10 des agences de comm&#039; romandes, Pour la plupart, je me suis retrouv\u00e9 face \u00e0 des sites d\u00e9mod\u00e9s et d\u00e9fra\u00eechis.\" \/>\n<meta name=\"robots\" content=\"index, follow, max-snippet:-1, max-image-preview:large, max-video-preview:-1\" \/>\n<link rel=\"canonical\" href=\"https:\/\/www.yanngraf.com\/fr\/blog\/agences-communication-ecolo-sociale\/\" \/>\n<meta property=\"og:locale\" content=\"fr_FR\" \/>\n<meta property=\"og:type\" content=\"article\" \/>\n<meta property=\"og:title\" content=\"Agences de communication \u00e9colo: Des sites web en Birkenstock\" \/>\n<meta property=\"og:description\" content=\"L\u2019ann\u00e9e pass\u00e9e j\u2019avais publi\u00e9 un Top 10 des agences de comm&#039; romandes, Pour la plupart, je me suis retrouv\u00e9 face \u00e0 des sites d\u00e9mod\u00e9s et d\u00e9fra\u00eechis.\" \/>\n<meta property=\"og:url\" content=\"https:\/\/www.yanngraf.com\/fr\/blog\/agences-communication-ecolo-sociale\/\" \/>\n<meta property=\"og:site_name\" content=\"Yann Graf\" \/>\n<meta property=\"article:publisher\" content=\"https:\/\/www.facebook.com\/yanngrafcom\/\" \/>\n<meta property=\"article:author\" content=\"https:\/\/www.facebook.com\/yanngraf\" \/>\n<meta property=\"article:published_time\" content=\"2011-05-06T14:02:09+00:00\" \/>\n<meta property=\"article:modified_time\" content=\"2017-07-14T15:09:28+00:00\" \/>\n<meta property=\"og:image\" content=\"https:\/\/www.yanngraf.com\/wp-content\/uploads\/2011\/05\/philippe-casse.jpg\" \/>\n\t<meta property=\"og:image:width\" content=\"1795\" \/>\n\t<meta property=\"og:image:height\" content=\"1214\" \/>\n\t<meta property=\"og:image:type\" content=\"image\/jpeg\" \/>\n<meta name=\"author\" content=\"Yann Graf\" \/>\n<meta name=\"twitter:card\" content=\"summary_large_image\" \/>\n<meta name=\"twitter:creator\" content=\"@http:\/\/www.twitter.com\/yanngraf\" \/>\n<meta name=\"twitter:site\" content=\"@yanngraf\" \/>\n<meta name=\"twitter:label1\" content=\"\u00c9crit par\" \/>\n\t<meta name=\"twitter:data1\" content=\"Yann Graf\" \/>\n\t<meta name=\"twitter:label2\" content=\"Dur\u00e9e de lecture estim\u00e9e\" \/>\n\t<meta name=\"twitter:data2\" content=\"3 minutes\" \/>\n<script type=\"application\/ld+json\" class=\"yoast-schema-graph\">{\"@context\":\"https:\\\/\\\/schema.org\",\"@graph\":[{\"@type\":\"Article\",\"@id\":\"https:\\\/\\\/www.yanngraf.com\\\/fr\\\/blog\\\/agences-communication-ecolo-sociale\\\/#article\",\"isPartOf\":{\"@id\":\"https:\\\/\\\/www.yanngraf.com\\\/fr\\\/blog\\\/agences-communication-ecolo-sociale\\\/\"},\"author\":{\"name\":\"Yann Graf\",\"@id\":\"https:\\\/\\\/www.yanngraf.com\\\/fr\\\/#\\\/schema\\\/person\\\/cb6cc65295b564034642b1d8e38e0fd3\"},\"headline\":\"Agences de communication \u00e9colo: Des sites web en Birkenstock\",\"datePublished\":\"2011-05-06T14:02:09+00:00\",\"dateModified\":\"2017-07-14T15:09:28+00:00\",\"mainEntityOfPage\":{\"@id\":\"https:\\\/\\\/www.yanngraf.com\\\/fr\\\/blog\\\/agences-communication-ecolo-sociale\\\/\"},\"wordCount\":679,\"image\":{\"@id\":\"https:\\\/\\\/www.yanngraf.com\\\/fr\\\/blog\\\/agences-communication-ecolo-sociale\\\/#primaryimage\"},\"thumbnailUrl\":\"https:\\\/\\\/www.yanngraf.com\\\/wp-content\\\/uploads\\\/2011\\\/05\\\/philippe-casse.jpg\",\"articleSection\":[\"Non classifi\u00e9(e)\"],\"inLanguage\":\"fr-FR\"},{\"@type\":\"WebPage\",\"@id\":\"https:\\\/\\\/www.yanngraf.com\\\/fr\\\/blog\\\/agences-communication-ecolo-sociale\\\/\",\"url\":\"https:\\\/\\\/www.yanngraf.com\\\/fr\\\/blog\\\/agences-communication-ecolo-sociale\\\/\",\"name\":\"Agences de communication \u00e9colo: Des sites web en Birkenstock\",\"isPartOf\":{\"@id\":\"https:\\\/\\\/www.yanngraf.com\\\/fr\\\/#website\"},\"primaryImageOfPage\":{\"@id\":\"https:\\\/\\\/www.yanngraf.com\\\/fr\\\/blog\\\/agences-communication-ecolo-sociale\\\/#primaryimage\"},\"image\":{\"@id\":\"https:\\\/\\\/www.yanngraf.com\\\/fr\\\/blog\\\/agences-communication-ecolo-sociale\\\/#primaryimage\"},\"thumbnailUrl\":\"https:\\\/\\\/www.yanngraf.com\\\/wp-content\\\/uploads\\\/2011\\\/05\\\/philippe-casse.jpg\",\"datePublished\":\"2011-05-06T14:02:09+00:00\",\"dateModified\":\"2017-07-14T15:09:28+00:00\",\"author\":{\"@id\":\"https:\\\/\\\/www.yanngraf.com\\\/fr\\\/#\\\/schema\\\/person\\\/cb6cc65295b564034642b1d8e38e0fd3\"},\"description\":\"L\u2019ann\u00e9e pass\u00e9e j\u2019avais publi\u00e9 un Top 10 des agences de comm' romandes, Pour la plupart, je me suis retrouv\u00e9 face \u00e0 des sites d\u00e9mod\u00e9s et d\u00e9fra\u00eechis.\",\"breadcrumb\":{\"@id\":\"https:\\\/\\\/www.yanngraf.com\\\/fr\\\/blog\\\/agences-communication-ecolo-sociale\\\/#breadcrumb\"},\"inLanguage\":\"fr-FR\",\"potentialAction\":[{\"@type\":\"ReadAction\",\"target\":[\"https:\\\/\\\/www.yanngraf.com\\\/fr\\\/blog\\\/agences-communication-ecolo-sociale\\\/\"]}]},{\"@type\":\"ImageObject\",\"inLanguage\":\"fr-FR\",\"@id\":\"https:\\\/\\\/www.yanngraf.com\\\/fr\\\/blog\\\/agences-communication-ecolo-sociale\\\/#primaryimage\",\"url\":\"https:\\\/\\\/www.yanngraf.com\\\/wp-content\\\/uploads\\\/2011\\\/05\\\/philippe-casse.jpg\",\"contentUrl\":\"https:\\\/\\\/www.yanngraf.com\\\/wp-content\\\/uploads\\\/2011\\\/05\\\/philippe-casse.jpg\",\"width\":1795,\"height\":1214},{\"@type\":\"BreadcrumbList\",\"@id\":\"https:\\\/\\\/www.yanngraf.com\\\/fr\\\/blog\\\/agences-communication-ecolo-sociale\\\/#breadcrumb\",\"itemListElement\":[{\"@type\":\"ListItem\",\"position\":1,\"name\":\"Home\",\"item\":\"https:\\\/\\\/www.yanngraf.com\\\/fr\\\/\"},{\"@type\":\"ListItem\",\"position\":2,\"name\":\"Agences de communication \u00e9colo: Des sites web en Birkenstock\"}]},{\"@type\":\"WebSite\",\"@id\":\"https:\\\/\\\/www.yanngraf.com\\\/fr\\\/#website\",\"url\":\"https:\\\/\\\/www.yanngraf.com\\\/fr\\\/\",\"name\":\"Yann Graf\",\"description\":\"I&#039;m a Digital Project Manager from Switzerland\",\"potentialAction\":[{\"@type\":\"SearchAction\",\"target\":{\"@type\":\"EntryPoint\",\"urlTemplate\":\"https:\\\/\\\/www.yanngraf.com\\\/fr\\\/?s={search_term_string}\"},\"query-input\":{\"@type\":\"PropertyValueSpecification\",\"valueRequired\":true,\"valueName\":\"search_term_string\"}}],\"inLanguage\":\"fr-FR\"},{\"@type\":\"Person\",\"@id\":\"https:\\\/\\\/www.yanngraf.com\\\/fr\\\/#\\\/schema\\\/person\\\/cb6cc65295b564034642b1d8e38e0fd3\",\"name\":\"Yann Graf\",\"description\":\"I am an experienced Digital Strategy Consultant based in Switzerland. After over seven year respectfully crafting and improving the digital presence of Terre des hommes, Nautilus and G-Star Raw, I am now a freelancer. Please have a look at my Portfolio\",\"sameAs\":[\"http:\\\/\\\/www.yanngraf.com\",\"https:\\\/\\\/www.facebook.com\\\/yanngraf\",\"https:\\\/\\\/x.com\\\/http:\\\/\\\/www.twitter.com\\\/yanngraf\"]}]}<\/script>\n<!-- \/ Yoast SEO plugin. -->","yoast_head_json":{"title":"Agences de communication \u00e9colo: Des sites web en Birkenstock","description":"L\u2019ann\u00e9e pass\u00e9e j\u2019avais publi\u00e9 un Top 10 des agences de comm' romandes, Pour la plupart, je me suis retrouv\u00e9 face \u00e0 des sites d\u00e9mod\u00e9s et d\u00e9fra\u00eechis.","robots":{"index":"index","follow":"follow","max-snippet":"max-snippet:-1","max-image-preview":"max-image-preview:large","max-video-preview":"max-video-preview:-1"},"canonical":"https:\/\/www.yanngraf.com\/fr\/blog\/agences-communication-ecolo-sociale\/","og_locale":"fr_FR","og_type":"article","og_title":"Agences de communication \u00e9colo: Des sites web en Birkenstock","og_description":"L\u2019ann\u00e9e pass\u00e9e j\u2019avais publi\u00e9 un Top 10 des agences de comm' romandes, Pour la plupart, je me suis retrouv\u00e9 face \u00e0 des sites d\u00e9mod\u00e9s et d\u00e9fra\u00eechis.","og_url":"https:\/\/www.yanngraf.com\/fr\/blog\/agences-communication-ecolo-sociale\/","og_site_name":"Yann Graf","article_publisher":"https:\/\/www.facebook.com\/yanngrafcom\/","article_author":"https:\/\/www.facebook.com\/yanngraf","article_published_time":"2011-05-06T14:02:09+00:00","article_modified_time":"2017-07-14T15:09:28+00:00","og_image":[{"width":1795,"height":1214,"url":"https:\/\/www.yanngraf.com\/wp-content\/uploads\/2011\/05\/philippe-casse.jpg","type":"image\/jpeg"}],"author":"Yann Graf","twitter_card":"summary_large_image","twitter_creator":"@http:\/\/www.twitter.com\/yanngraf","twitter_site":"@yanngraf","twitter_misc":{"\u00c9crit par":"Yann Graf","Dur\u00e9e de lecture estim\u00e9e":"3 minutes"},"schema":{"@context":"https:\/\/schema.org","@graph":[{"@type":"Article","@id":"https:\/\/www.yanngraf.com\/fr\/blog\/agences-communication-ecolo-sociale\/#article","isPartOf":{"@id":"https:\/\/www.yanngraf.com\/fr\/blog\/agences-communication-ecolo-sociale\/"},"author":{"name":"Yann Graf","@id":"https:\/\/www.yanngraf.com\/fr\/#\/schema\/person\/cb6cc65295b564034642b1d8e38e0fd3"},"headline":"Agences de communication \u00e9colo: Des sites web en Birkenstock","datePublished":"2011-05-06T14:02:09+00:00","dateModified":"2017-07-14T15:09:28+00:00","mainEntityOfPage":{"@id":"https:\/\/www.yanngraf.com\/fr\/blog\/agences-communication-ecolo-sociale\/"},"wordCount":679,"image":{"@id":"https:\/\/www.yanngraf.com\/fr\/blog\/agences-communication-ecolo-sociale\/#primaryimage"},"thumbnailUrl":"https:\/\/www.yanngraf.com\/wp-content\/uploads\/2011\/05\/philippe-casse.jpg","articleSection":["Non classifi\u00e9(e)"],"inLanguage":"fr-FR"},{"@type":"WebPage","@id":"https:\/\/www.yanngraf.com\/fr\/blog\/agences-communication-ecolo-sociale\/","url":"https:\/\/www.yanngraf.com\/fr\/blog\/agences-communication-ecolo-sociale\/","name":"Agences de communication \u00e9colo: Des sites web en Birkenstock","isPartOf":{"@id":"https:\/\/www.yanngraf.com\/fr\/#website"},"primaryImageOfPage":{"@id":"https:\/\/www.yanngraf.com\/fr\/blog\/agences-communication-ecolo-sociale\/#primaryimage"},"image":{"@id":"https:\/\/www.yanngraf.com\/fr\/blog\/agences-communication-ecolo-sociale\/#primaryimage"},"thumbnailUrl":"https:\/\/www.yanngraf.com\/wp-content\/uploads\/2011\/05\/philippe-casse.jpg","datePublished":"2011-05-06T14:02:09+00:00","dateModified":"2017-07-14T15:09:28+00:00","author":{"@id":"https:\/\/www.yanngraf.com\/fr\/#\/schema\/person\/cb6cc65295b564034642b1d8e38e0fd3"},"description":"L\u2019ann\u00e9e pass\u00e9e j\u2019avais publi\u00e9 un Top 10 des agences de comm' romandes, Pour la plupart, je me suis retrouv\u00e9 face \u00e0 des sites d\u00e9mod\u00e9s et d\u00e9fra\u00eechis.","breadcrumb":{"@id":"https:\/\/www.yanngraf.com\/fr\/blog\/agences-communication-ecolo-sociale\/#breadcrumb"},"inLanguage":"fr-FR","potentialAction":[{"@type":"ReadAction","target":["https:\/\/www.yanngraf.com\/fr\/blog\/agences-communication-ecolo-sociale\/"]}]},{"@type":"ImageObject","inLanguage":"fr-FR","@id":"https:\/\/www.yanngraf.com\/fr\/blog\/agences-communication-ecolo-sociale\/#primaryimage","url":"https:\/\/www.yanngraf.com\/wp-content\/uploads\/2011\/05\/philippe-casse.jpg","contentUrl":"https:\/\/www.yanngraf.com\/wp-content\/uploads\/2011\/05\/philippe-casse.jpg","width":1795,"height":1214},{"@type":"BreadcrumbList","@id":"https:\/\/www.yanngraf.com\/fr\/blog\/agences-communication-ecolo-sociale\/#breadcrumb","itemListElement":[{"@type":"ListItem","position":1,"name":"Home","item":"https:\/\/www.yanngraf.com\/fr\/"},{"@type":"ListItem","position":2,"name":"Agences de communication \u00e9colo: Des sites web en Birkenstock"}]},{"@type":"WebSite","@id":"https:\/\/www.yanngraf.com\/fr\/#website","url":"https:\/\/www.yanngraf.com\/fr\/","name":"Yann Graf","description":"I&#039;m a Digital Project Manager from Switzerland","potentialAction":[{"@type":"SearchAction","target":{"@type":"EntryPoint","urlTemplate":"https:\/\/www.yanngraf.com\/fr\/?s={search_term_string}"},"query-input":{"@type":"PropertyValueSpecification","valueRequired":true,"valueName":"search_term_string"}}],"inLanguage":"fr-FR"},{"@type":"Person","@id":"https:\/\/www.yanngraf.com\/fr\/#\/schema\/person\/cb6cc65295b564034642b1d8e38e0fd3","name":"Yann Graf","description":"I am an experienced Digital Strategy Consultant based in Switzerland. After over seven year respectfully crafting and improving the digital presence of Terre des hommes, Nautilus and G-Star Raw, I am now a freelancer. Please have a look at my Portfolio","sameAs":["http:\/\/www.yanngraf.com","https:\/\/www.facebook.com\/yanngraf","https:\/\/x.com\/http:\/\/www.twitter.com\/yanngraf"]}]}},"_links":{"self":[{"href":"https:\/\/www.yanngraf.com\/fr\/wp-json\/wp\/v2\/posts\/2246","targetHints":{"allow":["GET"]}}],"collection":[{"href":"https:\/\/www.yanngraf.com\/fr\/wp-json\/wp\/v2\/posts"}],"about":[{"href":"https:\/\/www.yanngraf.com\/fr\/wp-json\/wp\/v2\/types\/post"}],"author":[{"embeddable":true,"href":"https:\/\/www.yanngraf.com\/fr\/wp-json\/wp\/v2\/users\/4"}],"replies":[{"embeddable":true,"href":"https:\/\/www.yanngraf.com\/fr\/wp-json\/wp\/v2\/comments?post=2246"}],"version-history":[{"count":0,"href":"https:\/\/www.yanngraf.com\/fr\/wp-json\/wp\/v2\/posts\/2246\/revisions"}],"wp:featuredmedia":[{"embeddable":true,"href":"https:\/\/www.yanngraf.com\/fr\/wp-json\/wp\/v2\/media\/2320"}],"wp:attachment":[{"href":"https:\/\/www.yanngraf.com\/fr\/wp-json\/wp\/v2\/media?parent=2246"}],"wp:term":[{"taxonomy":"category","embeddable":true,"href":"https:\/\/www.yanngraf.com\/fr\/wp-json\/wp\/v2\/categories?post=2246"},{"taxonomy":"post_tag","embeddable":true,"href":"https:\/\/www.yanngraf.com\/fr\/wp-json\/wp\/v2\/tags?post=2246"}],"curies":[{"name":"wp","href":"https:\/\/api.w.org\/{rel}","templated":true}]}}