{"id":2243,"date":"2011-04-20T15:09:42","date_gmt":"2011-04-20T13:09:42","guid":{"rendered":"http:\/\/www.yanngraf.com\/2011\/04\/20\/"},"modified":"2017-07-10T20:09:14","modified_gmt":"2017-07-10T18:09:14","slug":"community-managers-ong-suisses","status":"publish","type":"post","link":"https:\/\/www.yanngraf.com\/fr\/blog\/community-managers-ong-suisses\/","title":{"rendered":"1000 km pour rencontrer les community managers d\u2019ONG suisses"},"content":{"rendered":"<p>J\u2019ai pass\u00e9 quelques jours \u00e0 Berlin, afin d\u2019assister \u00e0 la conf\u00e9rence <a href=\"http:\/\/recampaign.de\/\">re:campaign 2011<\/a>. Une conf\u00e9rence d\u00e9di\u00e9e au eCampaigning dans le cadre des ONG. Le sujet a bien s\u00fbr tout de suite attir\u00e9 mon attention, j\u2019ai saut\u00e9 sur l\u2019occasion pour aller faire un tour dans mon deuxi\u00e8me pays d\u2019origine.<\/p>\n<p>&nbsp;<\/p>\n<figure id=\"attachment_2248\" aria-describedby=\"caption-attachment-2248\" style=\"width: 520px\" class=\"wp-caption aligncenter\"><a href=\"http:\/\/www.yanngraf.com\/wp-content\/uploads\/2011\/04\/5623529015_bc2432b7be_o.jpg\" rel=\"magnific\"><img decoding=\"async\" class=\"size-medium wp-image-2248\" title=\"recampaign-suisse-berlin\" src=\"http:\/\/www.yanngraf.com\/wp-content\/uploads\/2011\/04\/5623529015_bc2432b7be_o-520x346.jpg\" alt=\"recampaign-suisse-berlin\" width=\"520\" height=\"346\" \/><\/a><figcaption id=\"caption-attachment-2248\" class=\"wp-caption-text\">Creative Commons re:campaign<\/figcaption><\/figure>\n<p>Durant la pr\u00e9sentation d\u2019ouverture, le public \u00e9tait assidument en train de tweeter. Tout d&rsquo;un coup, la question \u00ab\u00a0y a-t-il des autres suisses dans la salle\u00bb appara\u00eet dans le flux. Ni une ni deux et les suisses se retrouvent \u00e0 la sortie pour un repas de midi indien.<br \/>\n<!--more--><\/p>\n<h2>Les ONG suisses sont suisse allemande<\/h2>\n<p>Je me suis toujours demand\u00e9 qui \u00e9taient les personnes derni\u00e8re les pages Facebook des autres organisations que je consulte r\u00e9guli\u00e8rement. Ils ne viennent jamais aux event <a href=\"http:\/\/communitymanagers.ch\/\">SCMA<\/a>, Rezonance ou autres soir\u00e9es \u00ab\u00a0n\u00e9o-geek\u00a0\u00bb. Et pour cause, ils ne sont pas comme nous. Ils sont tous suisses allemands! *<\/p>\n<p>Donc \u00e0 Berlin, J\u2019ai eu l\u2019occasion d\u2019y rencontrer les \u00ab\u00a0social media managers\u00a0\u00bb d\u2019Helvetas, <a href=\"http:\/\/twitter.com\/hofrat\">Worldvision<\/a>, <a href=\"http:\/\/twitter.com\/#!\/r_appel\">la d\u00e9claration de Berne<\/a> ou du <a href=\"http:\/\/twitter.com\/#!\/matthiasfi\">CSAJ<\/a>. C\u2019est toujours tr\u00e8s int\u00e9ressant de parler avec des personnes qui ont les m\u00eames probl\u00e9matiques que vous. Les \u00e9changes tournaient comme bien souvent autour du probl\u00e8me de la langue, de la petitesse de la Suisse. Des th\u00e8mes \u00ab\u00a0ONG\u00a0\u00bb comme l\u2019engagement b\u00e9n\u00e9vole ou le fundraising par les social medias ont aussi \u00e9t\u00e9 \u00e9voqu\u00e9.<\/p>\n<h2>Le r\u00f6stigraben ce mur virtuel bien pr\u00e9sent<\/h2>\n<p>Depuis une ann\u00e9e que je fais ce m\u00e9tier, je n\u2019avais jamais entendu parler des NGO-Webbies meetup, LE rendez-vous des pro du web dans les ONG. Pourquoi\u00a0? Un truc de suisse-allemand avec uniquement des suisses allemands dedans. L\u2019info n\u2019arrivent pas chez nous. A qui la faute\u00a0? Les grosses ONG travaillant sur le \u00ab\u00a0march\u00e9\u00a0\u00bb suisse sont bas\u00e9es outre-Sarine pour la plupart. Ici \u00e0 part <a href=\"http:\/\/msf.ch\">MSF<\/a> et <a href=\"http:\/\/tdh.ch\">Terre des hommes<\/a> nous avons surtout les institutions ONUsiennes.<\/p>\n<p>Pour conclure, faire 1000km de train pour rencontrer IRL pour la premi\u00e8re fois les personnes qui sont derri\u00e8re les posts et tweets que je passe mes journ\u00e9es est int\u00e9ressant. D\u2019autres diront que c\u2019est affligeant et triste. Je ne trouve pas, c\u2019est notre r\u00e9alit\u00e9 suisse.<\/p>\n<p>* PS: je n&rsquo;ai rien contre les suisses allemands, je suis suisse allemand&#8230;<\/p>\n","protected":false},"excerpt":{"rendered":"<p>J\u2019ai pass\u00e9 quelques jours \u00e0 Berlin, afin d\u2019assister \u00e0 la conf\u00e9rence re:campaign 2011. Une conf\u00e9rence d\u00e9di\u00e9 au eCampaigning dans le cadre des ONG.<\/p>\n","protected":false},"author":4,"featured_media":2248,"comment_status":"closed","ping_status":"closed","sticky":false,"template":"","format":"standard","meta":{"_acf_changed":false,"footnotes":""},"categories":[592],"tags":[],"class_list":["post-2243","post","type-post","status-publish","format-standard","has-post-thumbnail","hentry","category-non-classifiee"],"acf":[],"yoast_head":"<!-- This site is optimized with the Yoast SEO plugin v27.4 - https:\/\/yoast.com\/product\/yoast-seo-wordpress\/ -->\n<title>1000 km pour rencontrer les community managers d\u2019ONG suisses<\/title>\n<meta name=\"description\" content=\"J\u2019ai pass\u00e9 quelques jours \u00e0 Berlin, afin d\u2019assister \u00e0 la conf\u00e9rence re:campaign 2011. Une conf\u00e9rence d\u00e9di\u00e9 au eCampaigning dans le cadre des ONG.\" \/>\n<meta name=\"robots\" content=\"index, follow, max-snippet:-1, max-image-preview:large, max-video-preview:-1\" \/>\n<link rel=\"canonical\" href=\"https:\/\/www.yanngraf.com\/fr\/blog\/community-managers-ong-suisses\/\" \/>\n<meta property=\"og:locale\" content=\"fr_FR\" \/>\n<meta property=\"og:type\" content=\"article\" \/>\n<meta property=\"og:title\" content=\"1000 km pour rencontrer les community managers d\u2019ONG suisses\" \/>\n<meta property=\"og:description\" content=\"J\u2019ai pass\u00e9 quelques jours \u00e0 Berlin, afin d\u2019assister \u00e0 la conf\u00e9rence re:campaign 2011. Une conf\u00e9rence d\u00e9di\u00e9 au eCampaigning dans le cadre des ONG.\" \/>\n<meta property=\"og:url\" content=\"https:\/\/www.yanngraf.com\/fr\/blog\/community-managers-ong-suisses\/\" \/>\n<meta property=\"og:site_name\" content=\"Yann Graf\" \/>\n<meta property=\"article:publisher\" content=\"https:\/\/www.facebook.com\/yanngrafcom\/\" \/>\n<meta property=\"article:author\" content=\"https:\/\/www.facebook.com\/yanngraf\" \/>\n<meta property=\"article:published_time\" content=\"2011-04-20T13:09:42+00:00\" \/>\n<meta property=\"article:modified_time\" content=\"2017-07-10T18:09:14+00:00\" \/>\n<meta property=\"og:image\" content=\"https:\/\/www.yanngraf.com\/wp-content\/uploads\/2011\/04\/5623529015_bc2432b7be_o.jpg\" \/>\n\t<meta property=\"og:image:width\" content=\"1296\" \/>\n\t<meta property=\"og:image:height\" content=\"864\" \/>\n\t<meta property=\"og:image:type\" content=\"image\/jpeg\" \/>\n<meta name=\"author\" content=\"Yann Graf\" \/>\n<meta name=\"twitter:card\" content=\"summary_large_image\" \/>\n<meta name=\"twitter:creator\" content=\"@http:\/\/www.twitter.com\/yanngraf\" \/>\n<meta name=\"twitter:site\" content=\"@yanngraf\" \/>\n<meta name=\"twitter:label1\" content=\"\u00c9crit par\" \/>\n\t<meta name=\"twitter:data1\" content=\"Yann Graf\" \/>\n\t<meta name=\"twitter:label2\" content=\"Dur\u00e9e de lecture estim\u00e9e\" \/>\n\t<meta name=\"twitter:data2\" content=\"2 minutes\" \/>\n<script type=\"application\/ld+json\" class=\"yoast-schema-graph\">{\"@context\":\"https:\\\/\\\/schema.org\",\"@graph\":[{\"@type\":\"Article\",\"@id\":\"https:\\\/\\\/www.yanngraf.com\\\/fr\\\/blog\\\/community-managers-ong-suisses\\\/#article\",\"isPartOf\":{\"@id\":\"https:\\\/\\\/www.yanngraf.com\\\/fr\\\/blog\\\/community-managers-ong-suisses\\\/\"},\"author\":{\"name\":\"Yann Graf\",\"@id\":\"https:\\\/\\\/www.yanngraf.com\\\/fr\\\/#\\\/schema\\\/person\\\/cb6cc65295b564034642b1d8e38e0fd3\"},\"headline\":\"1000 km pour rencontrer les community managers d\u2019ONG suisses\",\"datePublished\":\"2011-04-20T13:09:42+00:00\",\"dateModified\":\"2017-07-10T18:09:14+00:00\",\"mainEntityOfPage\":{\"@id\":\"https:\\\/\\\/www.yanngraf.com\\\/fr\\\/blog\\\/community-managers-ong-suisses\\\/\"},\"wordCount\":423,\"image\":{\"@id\":\"https:\\\/\\\/www.yanngraf.com\\\/fr\\\/blog\\\/community-managers-ong-suisses\\\/#primaryimage\"},\"thumbnailUrl\":\"https:\\\/\\\/www.yanngraf.com\\\/wp-content\\\/uploads\\\/2011\\\/04\\\/5623529015_bc2432b7be_o.jpg\",\"articleSection\":[\"Non classifi\u00e9(e)\"],\"inLanguage\":\"fr-FR\"},{\"@type\":\"WebPage\",\"@id\":\"https:\\\/\\\/www.yanngraf.com\\\/fr\\\/blog\\\/community-managers-ong-suisses\\\/\",\"url\":\"https:\\\/\\\/www.yanngraf.com\\\/fr\\\/blog\\\/community-managers-ong-suisses\\\/\",\"name\":\"1000 km pour rencontrer les community managers d\u2019ONG suisses\",\"isPartOf\":{\"@id\":\"https:\\\/\\\/www.yanngraf.com\\\/fr\\\/#website\"},\"primaryImageOfPage\":{\"@id\":\"https:\\\/\\\/www.yanngraf.com\\\/fr\\\/blog\\\/community-managers-ong-suisses\\\/#primaryimage\"},\"image\":{\"@id\":\"https:\\\/\\\/www.yanngraf.com\\\/fr\\\/blog\\\/community-managers-ong-suisses\\\/#primaryimage\"},\"thumbnailUrl\":\"https:\\\/\\\/www.yanngraf.com\\\/wp-content\\\/uploads\\\/2011\\\/04\\\/5623529015_bc2432b7be_o.jpg\",\"datePublished\":\"2011-04-20T13:09:42+00:00\",\"dateModified\":\"2017-07-10T18:09:14+00:00\",\"author\":{\"@id\":\"https:\\\/\\\/www.yanngraf.com\\\/fr\\\/#\\\/schema\\\/person\\\/cb6cc65295b564034642b1d8e38e0fd3\"},\"description\":\"J\u2019ai pass\u00e9 quelques jours \u00e0 Berlin, afin d\u2019assister \u00e0 la conf\u00e9rence re:campaign 2011. Une conf\u00e9rence d\u00e9di\u00e9 au eCampaigning dans le cadre des ONG.\",\"breadcrumb\":{\"@id\":\"https:\\\/\\\/www.yanngraf.com\\\/fr\\\/blog\\\/community-managers-ong-suisses\\\/#breadcrumb\"},\"inLanguage\":\"fr-FR\",\"potentialAction\":[{\"@type\":\"ReadAction\",\"target\":[\"https:\\\/\\\/www.yanngraf.com\\\/fr\\\/blog\\\/community-managers-ong-suisses\\\/\"]}]},{\"@type\":\"ImageObject\",\"inLanguage\":\"fr-FR\",\"@id\":\"https:\\\/\\\/www.yanngraf.com\\\/fr\\\/blog\\\/community-managers-ong-suisses\\\/#primaryimage\",\"url\":\"https:\\\/\\\/www.yanngraf.com\\\/wp-content\\\/uploads\\\/2011\\\/04\\\/5623529015_bc2432b7be_o.jpg\",\"contentUrl\":\"https:\\\/\\\/www.yanngraf.com\\\/wp-content\\\/uploads\\\/2011\\\/04\\\/5623529015_bc2432b7be_o.jpg\",\"width\":1296,\"height\":864,\"caption\":\"Creative Commons re:campaign\"},{\"@type\":\"BreadcrumbList\",\"@id\":\"https:\\\/\\\/www.yanngraf.com\\\/fr\\\/blog\\\/community-managers-ong-suisses\\\/#breadcrumb\",\"itemListElement\":[{\"@type\":\"ListItem\",\"position\":1,\"name\":\"Home\",\"item\":\"https:\\\/\\\/www.yanngraf.com\\\/fr\\\/\"},{\"@type\":\"ListItem\",\"position\":2,\"name\":\"1000 km pour rencontrer les community managers d\u2019ONG suisses\"}]},{\"@type\":\"WebSite\",\"@id\":\"https:\\\/\\\/www.yanngraf.com\\\/fr\\\/#website\",\"url\":\"https:\\\/\\\/www.yanngraf.com\\\/fr\\\/\",\"name\":\"Yann Graf\",\"description\":\"I&#039;m a Digital Project Manager from Switzerland\",\"potentialAction\":[{\"@type\":\"SearchAction\",\"target\":{\"@type\":\"EntryPoint\",\"urlTemplate\":\"https:\\\/\\\/www.yanngraf.com\\\/fr\\\/?s={search_term_string}\"},\"query-input\":{\"@type\":\"PropertyValueSpecification\",\"valueRequired\":true,\"valueName\":\"search_term_string\"}}],\"inLanguage\":\"fr-FR\"},{\"@type\":\"Person\",\"@id\":\"https:\\\/\\\/www.yanngraf.com\\\/fr\\\/#\\\/schema\\\/person\\\/cb6cc65295b564034642b1d8e38e0fd3\",\"name\":\"Yann Graf\",\"description\":\"I am an experienced Digital Strategy Consultant based in Switzerland. After over seven year respectfully crafting and improving the digital presence of Terre des hommes, Nautilus and G-Star Raw, I am now a freelancer. Please have a look at my Portfolio\",\"sameAs\":[\"http:\\\/\\\/www.yanngraf.com\",\"https:\\\/\\\/www.facebook.com\\\/yanngraf\",\"https:\\\/\\\/x.com\\\/http:\\\/\\\/www.twitter.com\\\/yanngraf\"]}]}<\/script>\n<!-- \/ Yoast SEO plugin. -->","yoast_head_json":{"title":"1000 km pour rencontrer les community managers d\u2019ONG suisses","description":"J\u2019ai pass\u00e9 quelques jours \u00e0 Berlin, afin d\u2019assister \u00e0 la conf\u00e9rence re:campaign 2011. Une conf\u00e9rence d\u00e9di\u00e9 au eCampaigning dans le cadre des ONG.","robots":{"index":"index","follow":"follow","max-snippet":"max-snippet:-1","max-image-preview":"max-image-preview:large","max-video-preview":"max-video-preview:-1"},"canonical":"https:\/\/www.yanngraf.com\/fr\/blog\/community-managers-ong-suisses\/","og_locale":"fr_FR","og_type":"article","og_title":"1000 km pour rencontrer les community managers d\u2019ONG suisses","og_description":"J\u2019ai pass\u00e9 quelques jours \u00e0 Berlin, afin d\u2019assister \u00e0 la conf\u00e9rence re:campaign 2011. Une conf\u00e9rence d\u00e9di\u00e9 au eCampaigning dans le cadre des ONG.","og_url":"https:\/\/www.yanngraf.com\/fr\/blog\/community-managers-ong-suisses\/","og_site_name":"Yann Graf","article_publisher":"https:\/\/www.facebook.com\/yanngrafcom\/","article_author":"https:\/\/www.facebook.com\/yanngraf","article_published_time":"2011-04-20T13:09:42+00:00","article_modified_time":"2017-07-10T18:09:14+00:00","og_image":[{"width":1296,"height":864,"url":"https:\/\/www.yanngraf.com\/wp-content\/uploads\/2011\/04\/5623529015_bc2432b7be_o.jpg","type":"image\/jpeg"}],"author":"Yann Graf","twitter_card":"summary_large_image","twitter_creator":"@http:\/\/www.twitter.com\/yanngraf","twitter_site":"@yanngraf","twitter_misc":{"\u00c9crit par":"Yann Graf","Dur\u00e9e de lecture estim\u00e9e":"2 minutes"},"schema":{"@context":"https:\/\/schema.org","@graph":[{"@type":"Article","@id":"https:\/\/www.yanngraf.com\/fr\/blog\/community-managers-ong-suisses\/#article","isPartOf":{"@id":"https:\/\/www.yanngraf.com\/fr\/blog\/community-managers-ong-suisses\/"},"author":{"name":"Yann Graf","@id":"https:\/\/www.yanngraf.com\/fr\/#\/schema\/person\/cb6cc65295b564034642b1d8e38e0fd3"},"headline":"1000 km pour rencontrer les community managers d\u2019ONG suisses","datePublished":"2011-04-20T13:09:42+00:00","dateModified":"2017-07-10T18:09:14+00:00","mainEntityOfPage":{"@id":"https:\/\/www.yanngraf.com\/fr\/blog\/community-managers-ong-suisses\/"},"wordCount":423,"image":{"@id":"https:\/\/www.yanngraf.com\/fr\/blog\/community-managers-ong-suisses\/#primaryimage"},"thumbnailUrl":"https:\/\/www.yanngraf.com\/wp-content\/uploads\/2011\/04\/5623529015_bc2432b7be_o.jpg","articleSection":["Non classifi\u00e9(e)"],"inLanguage":"fr-FR"},{"@type":"WebPage","@id":"https:\/\/www.yanngraf.com\/fr\/blog\/community-managers-ong-suisses\/","url":"https:\/\/www.yanngraf.com\/fr\/blog\/community-managers-ong-suisses\/","name":"1000 km pour rencontrer les community managers d\u2019ONG suisses","isPartOf":{"@id":"https:\/\/www.yanngraf.com\/fr\/#website"},"primaryImageOfPage":{"@id":"https:\/\/www.yanngraf.com\/fr\/blog\/community-managers-ong-suisses\/#primaryimage"},"image":{"@id":"https:\/\/www.yanngraf.com\/fr\/blog\/community-managers-ong-suisses\/#primaryimage"},"thumbnailUrl":"https:\/\/www.yanngraf.com\/wp-content\/uploads\/2011\/04\/5623529015_bc2432b7be_o.jpg","datePublished":"2011-04-20T13:09:42+00:00","dateModified":"2017-07-10T18:09:14+00:00","author":{"@id":"https:\/\/www.yanngraf.com\/fr\/#\/schema\/person\/cb6cc65295b564034642b1d8e38e0fd3"},"description":"J\u2019ai pass\u00e9 quelques jours \u00e0 Berlin, afin d\u2019assister \u00e0 la conf\u00e9rence re:campaign 2011. Une conf\u00e9rence d\u00e9di\u00e9 au eCampaigning dans le cadre des ONG.","breadcrumb":{"@id":"https:\/\/www.yanngraf.com\/fr\/blog\/community-managers-ong-suisses\/#breadcrumb"},"inLanguage":"fr-FR","potentialAction":[{"@type":"ReadAction","target":["https:\/\/www.yanngraf.com\/fr\/blog\/community-managers-ong-suisses\/"]}]},{"@type":"ImageObject","inLanguage":"fr-FR","@id":"https:\/\/www.yanngraf.com\/fr\/blog\/community-managers-ong-suisses\/#primaryimage","url":"https:\/\/www.yanngraf.com\/wp-content\/uploads\/2011\/04\/5623529015_bc2432b7be_o.jpg","contentUrl":"https:\/\/www.yanngraf.com\/wp-content\/uploads\/2011\/04\/5623529015_bc2432b7be_o.jpg","width":1296,"height":864,"caption":"Creative Commons re:campaign"},{"@type":"BreadcrumbList","@id":"https:\/\/www.yanngraf.com\/fr\/blog\/community-managers-ong-suisses\/#breadcrumb","itemListElement":[{"@type":"ListItem","position":1,"name":"Home","item":"https:\/\/www.yanngraf.com\/fr\/"},{"@type":"ListItem","position":2,"name":"1000 km pour rencontrer les community managers d\u2019ONG suisses"}]},{"@type":"WebSite","@id":"https:\/\/www.yanngraf.com\/fr\/#website","url":"https:\/\/www.yanngraf.com\/fr\/","name":"Yann Graf","description":"I&#039;m a Digital Project Manager from Switzerland","potentialAction":[{"@type":"SearchAction","target":{"@type":"EntryPoint","urlTemplate":"https:\/\/www.yanngraf.com\/fr\/?s={search_term_string}"},"query-input":{"@type":"PropertyValueSpecification","valueRequired":true,"valueName":"search_term_string"}}],"inLanguage":"fr-FR"},{"@type":"Person","@id":"https:\/\/www.yanngraf.com\/fr\/#\/schema\/person\/cb6cc65295b564034642b1d8e38e0fd3","name":"Yann Graf","description":"I am an experienced Digital Strategy Consultant based in Switzerland. After over seven year respectfully crafting and improving the digital presence of Terre des hommes, Nautilus and G-Star Raw, I am now a freelancer. Please have a look at my Portfolio","sameAs":["http:\/\/www.yanngraf.com","https:\/\/www.facebook.com\/yanngraf","https:\/\/x.com\/http:\/\/www.twitter.com\/yanngraf"]}]}},"_links":{"self":[{"href":"https:\/\/www.yanngraf.com\/fr\/wp-json\/wp\/v2\/posts\/2243","targetHints":{"allow":["GET"]}}],"collection":[{"href":"https:\/\/www.yanngraf.com\/fr\/wp-json\/wp\/v2\/posts"}],"about":[{"href":"https:\/\/www.yanngraf.com\/fr\/wp-json\/wp\/v2\/types\/post"}],"author":[{"embeddable":true,"href":"https:\/\/www.yanngraf.com\/fr\/wp-json\/wp\/v2\/users\/4"}],"replies":[{"embeddable":true,"href":"https:\/\/www.yanngraf.com\/fr\/wp-json\/wp\/v2\/comments?post=2243"}],"version-history":[{"count":0,"href":"https:\/\/www.yanngraf.com\/fr\/wp-json\/wp\/v2\/posts\/2243\/revisions"}],"wp:featuredmedia":[{"embeddable":true,"href":"https:\/\/www.yanngraf.com\/fr\/wp-json\/wp\/v2\/media\/2248"}],"wp:attachment":[{"href":"https:\/\/www.yanngraf.com\/fr\/wp-json\/wp\/v2\/media?parent=2243"}],"wp:term":[{"taxonomy":"category","embeddable":true,"href":"https:\/\/www.yanngraf.com\/fr\/wp-json\/wp\/v2\/categories?post=2243"},{"taxonomy":"post_tag","embeddable":true,"href":"https:\/\/www.yanngraf.com\/fr\/wp-json\/wp\/v2\/tags?post=2243"}],"curies":[{"name":"wp","href":"https:\/\/api.w.org\/{rel}","templated":true}]}}