{"id":1655,"date":"2010-02-24T10:46:22","date_gmt":"2010-02-24T08:46:22","guid":{"rendered":"http:\/\/www.yanngraf.com\/?p=1655"},"modified":"2017-07-14T17:30:10","modified_gmt":"2017-07-14T15:30:10","slug":"francois-gendre-interviews-concepteur-multimedia-2","status":"publish","type":"post","link":"https:\/\/www.yanngraf.com\/fr\/blog\/francois-gendre-interviews-concepteur-multimedia-2\/","title":{"rendered":"Fran\u00e7ois Gendre &#8211; interviews de concepteur multim\u00e9dia &#8211; N\u00b02"},"content":{"rendered":"<p><a href=\"http:\/\/www.yanngraf.com\/wp-content\/uploads\/2010\/02\/Logo-interview-concepteur1.gif\" rel=\"magnific\"><img decoding=\"async\" class=\"alignleft size-full wp-image-1657\" title=\"Logo-interview-concepteur\" src=\"http:\/\/www.yanngraf.com\/wp-content\/uploads\/2010\/02\/Logo-interview-concepteur1.gif\" alt=\"\" width=\"133\" height=\"58\" \/><\/a>Et on continue avec <a href=\"https:\/\/www.yanngraf.com\/fr\/blog\/interviews-avec-des-ex-etudiants-concepteurs-en-multimedia\/\">la s\u00e9rie des interviews de concepteur multim\u00e9dia<\/a>. Apr\u00e8s un premier entretien vid\u00e9o avec <a href=\"https:\/\/www.yanngraf.com\/fr\/blog\/xavier-bertschy-concepteurs-multimedia\/\">Xavier Bertschy<\/a> c&rsquo;est Fran\u00e7ois qui a accepter de r\u00e9pondre \u00e0 mes questions.<\/p>\n<p><img decoding=\"async\" class=\"alignleft size-thumbnail wp-image-1695\" title=\"Francois-gendre\" src=\"http:\/\/www.yanngraf.com\/wp-content\/uploads\/2010\/02\/Francois-gendre-150x115.jpg\" alt=\"\" width=\"150\" height=\"115\" \/><\/p>\n<p><strong>1. Mais qui est-tu?<\/strong><br \/>\nFran\u00e7ois Gendre, 29 ans bient\u00f4t 30, Fribourg, Je vais me repr\u00e9senter \u00e0 la pratique du CFC de concepteur en multim\u00e9dia cette ann\u00e9e \u00e0 <a href=\"http:\/\/www.eikon.ch\/\">l&rsquo;eikon<\/a>. Toutefois pour sortir de 4 ann\u00e9es intensives dans le multim\u00e9dia je consid\u00e8re avoir effectu\u00e9 une formation compl\u00e8te. Actuellement je suis en stage chez <a href=\"http:\/\/www.mireilehmann.com\/\">Mirei Lehmann | visual concept<\/a> \u00e0 Bienne (Conception visuelle, photographie, graphisme, video, webdesign). Apr\u00e8s quoi je souhaite pouvoir me perfectionner en animations et\/ou video et prendrai les opportunit\u00e9s qui se pr\u00e9sentent, sans quoi je me lancerai directement en tant qu&rsquo;ind\u00e9pendant dans la photographie, le graphisme, le webdesign, la vid\u00e9o, dans cet ordre et au niveau de la r\u00e9alisation et\/ou de la gestion.<br \/>\n<span style=\"color: #888888;\">(Copyright de l&rsquo;image: Fran\u00e7ois Gendre 2010)<\/span><\/p>\n<p><span style=\"color: #888888;\"><!--more--><br \/>\n<\/span><\/p>\n<p><strong>2. Quelles \u00e9taient tes motivations a commencer cette formation?<\/strong><br \/>\nMettre \u00e0 profit mes instincts observateurs et cr\u00e9atifs ainsi qu&rsquo;une forte attirance pour le milieu artistique dans lequel je ne m&rsquo;investissait pas du tout, malgr\u00e9 une forte sensibilit\u00e9 \u00e0 la photographie, la musique, la vid\u00e9o, le cin\u00e9ma et la BD. Apr\u00e8s plusieurs exp\u00e9riences professionnelles dans d&rsquo;autres domaines j&rsquo;ai finalement d\u00e9cid\u00e9 de faire le pas.<\/p>\n<p><strong>3. Quels sont les points fort de cette formation?<\/strong><br \/>\nL&rsquo;aspect culturel, historique et social est fascinant. J&rsquo;ai d\u00e9couvert la v\u00e9ritable \u00e9nergie humaine, l&rsquo;impact de quelqu(&lsquo;un)e chose sur quelqu(&lsquo;un)e d&rsquo;autre via les simples sens ou l&rsquo;utilisation d&rsquo;outils tr\u00e8s complexes. Cette apprentissage permet d&rsquo;\u00e9vacuer un besoin de communication, de curiosit\u00e9 et de cr\u00e9ativit\u00e9. On apprend \u00e0 se soulager mais aussi \u00e0 soulager les autres, \u00e0 les stimuler. On apprend \u00e0 divertir, \u00e0 stimuler, mais \u00e9galement \u00e0 rendre beaucoup de services, je pense \u00e0 la qualit\u00e9 informative par ex.: Facilit\u00e9 la lecture d&rsquo;un document ou le remplissage d&rsquo;un formulaire, faire conna\u00eetre une entreprise, un artisans, un artiste, une association, ou tout b\u00eatement indiquer la bonne direction des WC par de la signal\u00e9tique&#8230;&#8230; Beaucoup de choses qui peuvent am\u00e9liorer le quotidien. Enfin, la possibilit\u00e9 d&rsquo;effectuer un stage durant la formation est une tr\u00e8s bonne opportunit\u00e9. L&rsquo;exp\u00e9rience sur le terrain n&rsquo;a pas d&rsquo;\u00e9gale dans la th\u00e9orie.<\/p>\n<p><strong>4. Et les points faibles?<\/strong><br \/>\nLes possibilit\u00e9s de recherches et de cr\u00e9ativit\u00e9 sont infinies et on ne peut pas tout maitriser. Il faut faire des choix et il est difficile pour le formateur de deviner les atouts de chacun ou de pouvoir r\u00e9pondre \u00e0 toutes les attentes possibles, tant au niveau th\u00e9orique que pratique, car les possibilit\u00e9 sont nombreuses, on peut aimer la photo et le cin\u00e9ma, la 3D et l&rsquo;informatique, la peinture et la litt\u00e9rature, le montage vid\u00e9o, le d\u00e9veloppement photo, le mixage du son etc&#8230; Il faut \u00e9galement accepter qu&rsquo;en retour de cette formation une partie de cette connaissance peut servir une logique commerciale, donc de profit et de comp\u00e9titivit\u00e9, mais il y a l\u00e0 des choix \u00e0 faire.<\/p>\n<p><strong>5. Penses-tu avoir eut un bon bagage en sortant de l&rsquo;\u00e9cole pour ton entr\u00e9e sur le march\u00e9 du travail?<\/strong><br \/>\nOui, tr\u00e8s bon. Et m\u00eame si je ne saurai jamais tout sur tout, l&rsquo;apprentissage m&rsquo;a permis de choisir une direction et m\u00eame savoir o\u00f9 et vers qui se tourner lorsque la connaissance fait d\u00e9faut. Mes contacts et exp\u00e9riences avec les protagonistes de la cha\u00eene de cr\u00e9ation et production m&rsquo;ont montr\u00e9 que je pouvais \u00eatre comp\u00e9titif sur le march\u00e9 du travail. De plus, avec un peu de recul lorsque l&rsquo;on sort de la formation on r\u00e9alise la grande diff\u00e9rence entre l'\u00a0\u00bbavant\u00a0\u00bb et l'\u00a0\u00bbapr\u00e8s\u00a0\u00bb formation.<\/p>\n<p><strong>6. Alors te consid\u00e8re-tu comme un sp\u00e9cialiste ou un g\u00e9n\u00e9raliste?<\/strong><br \/>\nJe suis un g\u00e9n\u00e9raliste tant que je n&rsquo;aurai pas pass\u00e9 le cap d&rsquo;une sp\u00e9cialisation technique ou th\u00e9orique encore plus pouss\u00e9e, me permettant par exemple d&rsquo;\u00eatre ind\u00e9pendant ou de pouvoir revendiquer un poste particulier au sein d&rsquo;une \u00e9quipe. Bien s\u00fbr \u00ab\u00a0concepteur en multim\u00e9dia\u00a0\u00bb ouvre beaucoup de portes mais cela ne dure pas \u00e9ternellement, la technique et la th\u00e9orie \u00e9voluent tr\u00e8s vite.<\/p>\n<p><strong>7. A-tu suivi une formation compl\u00e9mentaire? Si oui, quoi et pourquoi?<\/strong><\/p>\n<p>Option photo durant l&rsquo;apprentissage, et mon stage actuel. Car la photo est mon atout et mon int\u00e9r\u00eat principal. En ce moment je profite de d\u00e9couvrir les aspect plus r\u00e9els du quotidien professionnel. Certaines choses sont plus simples, d&rsquo;autres sont nouvelles.<br \/>\n<strong><br \/>\n8. Recommanderais-tu cette formation? Si non, quelles alternatives<\/strong><br \/>\noui \u00e0 tous ceux qui s&rsquo;y reconnaissent, surtout qu&rsquo;elle \u00e9volue donc s&rsquo;am\u00e9liore constamment. Sinon je conseil un choix orient\u00e9 vers une formation technique ou th\u00e9orie sp\u00e9cifique si le besoin ou la passion sont d\u00e9j\u00e0 pr\u00e9sents et pr\u00e9cis.<\/p>\n<p><strong>9. Quelles sont les qualit\u00e9s n\u00e9cessaires pour \u00eatre un concepteur?<\/strong><br \/>\ncr\u00e9atif, intuitif, confiant, \u00e0 l&rsquo;\u00e9coute, curieux, aimer la technique, l&rsquo;art et les gens.<\/p>\n<p>N&rsquo;h\u00e9sitez pas non plus a faire un tour sur le <a href=\"http:\/\/www.flickr.com\/photos\/extraball\/\">Flickr de Fran\u00e7ois<\/a>. Nous on se retrouve bient\u00f4t pour un prochain interview de concepteur. YO<\/p>\n","protected":false},"excerpt":{"rendered":"<p> Apr\u00e8s un premier entretien vid\u00e9o avec Xavier Bertschy c&rsquo;est Fran\u00e7ois qui a accepter de r\u00e9pondre \u00e0 mes questions.<\/p>\n","protected":false},"author":4,"featured_media":0,"comment_status":"closed","ping_status":"closed","sticky":false,"template":"","format":"standard","meta":{"_acf_changed":false,"footnotes":""},"categories":[592],"tags":[],"class_list":["post-1655","post","type-post","status-publish","format-standard","hentry","category-non-classifiee"],"acf":[],"yoast_head":"<!-- This site is optimized with the Yoast SEO plugin v27.5 - https:\/\/yoast.com\/product\/yoast-seo-wordpress\/ -->\n<title>Fran\u00e7ois Gendre - interviews de concepteur multim\u00e9dia<\/title>\n<meta name=\"description\" content=\"Fran\u00e7ois Gendre, 29 ans bient\u00f4t 30, Fribourg, Je vais me repr\u00e9senter \u00e0 la pratique du CFC de concepteur en multim\u00e9dia cette ann\u00e9e \u00e0 l&#039;eikon.\" \/>\n<meta name=\"robots\" content=\"index, follow, max-snippet:-1, max-image-preview:large, max-video-preview:-1\" \/>\n<link rel=\"canonical\" href=\"https:\/\/www.yanngraf.com\/fr\/blog\/francois-gendre-interviews-concepteur-multimedia-2\/\" \/>\n<meta property=\"og:locale\" content=\"fr_FR\" \/>\n<meta property=\"og:type\" content=\"article\" \/>\n<meta property=\"og:title\" content=\"Fran\u00e7ois Gendre - interviews de concepteur multim\u00e9dia\" \/>\n<meta property=\"og:description\" content=\"Fran\u00e7ois Gendre, 29 ans bient\u00f4t 30, Fribourg, Je vais me repr\u00e9senter \u00e0 la pratique du CFC de concepteur en multim\u00e9dia cette ann\u00e9e \u00e0 l&#039;eikon.\" \/>\n<meta property=\"og:url\" content=\"https:\/\/www.yanngraf.com\/fr\/blog\/francois-gendre-interviews-concepteur-multimedia-2\/\" \/>\n<meta property=\"og:site_name\" content=\"Yann Graf\" \/>\n<meta property=\"article:publisher\" content=\"https:\/\/www.facebook.com\/yanngrafcom\/\" \/>\n<meta property=\"article:author\" content=\"https:\/\/www.facebook.com\/yanngraf\" \/>\n<meta property=\"article:published_time\" content=\"2010-02-24T08:46:22+00:00\" \/>\n<meta property=\"article:modified_time\" content=\"2017-07-14T15:30:10+00:00\" \/>\n<meta property=\"og:image\" content=\"http:\/\/www.yanngraf.com\/wp-content\/uploads\/2010\/02\/Logo-interview-concepteur1.gif\" \/>\n<meta name=\"author\" content=\"Yann Graf\" \/>\n<meta name=\"twitter:card\" content=\"summary_large_image\" \/>\n<meta name=\"twitter:creator\" content=\"@http:\/\/www.twitter.com\/yanngraf\" \/>\n<meta name=\"twitter:site\" content=\"@yanngraf\" \/>\n<meta name=\"twitter:label1\" content=\"\u00c9crit par\" \/>\n\t<meta name=\"twitter:data1\" content=\"Yann Graf\" \/>\n\t<meta name=\"twitter:label2\" content=\"Dur\u00e9e de lecture estim\u00e9e\" \/>\n\t<meta name=\"twitter:data2\" content=\"4 minutes\" \/>\n<script type=\"application\/ld+json\" class=\"yoast-schema-graph\">{\"@context\":\"https:\\\/\\\/schema.org\",\"@graph\":[{\"@type\":\"Article\",\"@id\":\"https:\\\/\\\/www.yanngraf.com\\\/fr\\\/blog\\\/francois-gendre-interviews-concepteur-multimedia-2\\\/#article\",\"isPartOf\":{\"@id\":\"https:\\\/\\\/www.yanngraf.com\\\/fr\\\/blog\\\/francois-gendre-interviews-concepteur-multimedia-2\\\/\"},\"author\":{\"name\":\"Yann Graf\",\"@id\":\"https:\\\/\\\/www.yanngraf.com\\\/fr\\\/#\\\/schema\\\/person\\\/cb6cc65295b564034642b1d8e38e0fd3\"},\"headline\":\"Fran\u00e7ois Gendre &#8211; interviews de concepteur multim\u00e9dia &#8211; N\u00b02\",\"datePublished\":\"2010-02-24T08:46:22+00:00\",\"dateModified\":\"2017-07-14T15:30:10+00:00\",\"mainEntityOfPage\":{\"@id\":\"https:\\\/\\\/www.yanngraf.com\\\/fr\\\/blog\\\/francois-gendre-interviews-concepteur-multimedia-2\\\/\"},\"wordCount\":918,\"image\":{\"@id\":\"https:\\\/\\\/www.yanngraf.com\\\/fr\\\/blog\\\/francois-gendre-interviews-concepteur-multimedia-2\\\/#primaryimage\"},\"thumbnailUrl\":\"http:\\\/\\\/www.yanngraf.com\\\/wp-content\\\/uploads\\\/2010\\\/02\\\/Logo-interview-concepteur1.gif\",\"articleSection\":[\"Non classifi\u00e9(e)\"],\"inLanguage\":\"fr-FR\"},{\"@type\":\"WebPage\",\"@id\":\"https:\\\/\\\/www.yanngraf.com\\\/fr\\\/blog\\\/francois-gendre-interviews-concepteur-multimedia-2\\\/\",\"url\":\"https:\\\/\\\/www.yanngraf.com\\\/fr\\\/blog\\\/francois-gendre-interviews-concepteur-multimedia-2\\\/\",\"name\":\"Fran\u00e7ois Gendre - interviews de concepteur multim\u00e9dia\",\"isPartOf\":{\"@id\":\"https:\\\/\\\/www.yanngraf.com\\\/fr\\\/#website\"},\"primaryImageOfPage\":{\"@id\":\"https:\\\/\\\/www.yanngraf.com\\\/fr\\\/blog\\\/francois-gendre-interviews-concepteur-multimedia-2\\\/#primaryimage\"},\"image\":{\"@id\":\"https:\\\/\\\/www.yanngraf.com\\\/fr\\\/blog\\\/francois-gendre-interviews-concepteur-multimedia-2\\\/#primaryimage\"},\"thumbnailUrl\":\"http:\\\/\\\/www.yanngraf.com\\\/wp-content\\\/uploads\\\/2010\\\/02\\\/Logo-interview-concepteur1.gif\",\"datePublished\":\"2010-02-24T08:46:22+00:00\",\"dateModified\":\"2017-07-14T15:30:10+00:00\",\"author\":{\"@id\":\"https:\\\/\\\/www.yanngraf.com\\\/fr\\\/#\\\/schema\\\/person\\\/cb6cc65295b564034642b1d8e38e0fd3\"},\"description\":\"Fran\u00e7ois Gendre, 29 ans bient\u00f4t 30, Fribourg, Je vais me repr\u00e9senter \u00e0 la pratique du CFC de concepteur en multim\u00e9dia cette ann\u00e9e \u00e0 l'eikon.\",\"breadcrumb\":{\"@id\":\"https:\\\/\\\/www.yanngraf.com\\\/fr\\\/blog\\\/francois-gendre-interviews-concepteur-multimedia-2\\\/#breadcrumb\"},\"inLanguage\":\"fr-FR\",\"potentialAction\":[{\"@type\":\"ReadAction\",\"target\":[\"https:\\\/\\\/www.yanngraf.com\\\/fr\\\/blog\\\/francois-gendre-interviews-concepteur-multimedia-2\\\/\"]}]},{\"@type\":\"ImageObject\",\"inLanguage\":\"fr-FR\",\"@id\":\"https:\\\/\\\/www.yanngraf.com\\\/fr\\\/blog\\\/francois-gendre-interviews-concepteur-multimedia-2\\\/#primaryimage\",\"url\":\"http:\\\/\\\/www.yanngraf.com\\\/wp-content\\\/uploads\\\/2010\\\/02\\\/Logo-interview-concepteur1.gif\",\"contentUrl\":\"http:\\\/\\\/www.yanngraf.com\\\/wp-content\\\/uploads\\\/2010\\\/02\\\/Logo-interview-concepteur1.gif\"},{\"@type\":\"BreadcrumbList\",\"@id\":\"https:\\\/\\\/www.yanngraf.com\\\/fr\\\/blog\\\/francois-gendre-interviews-concepteur-multimedia-2\\\/#breadcrumb\",\"itemListElement\":[{\"@type\":\"ListItem\",\"position\":1,\"name\":\"Home\",\"item\":\"https:\\\/\\\/www.yanngraf.com\\\/fr\\\/\"},{\"@type\":\"ListItem\",\"position\":2,\"name\":\"Fran\u00e7ois Gendre &#8211; interviews de concepteur multim\u00e9dia &#8211; N\u00b02\"}]},{\"@type\":\"WebSite\",\"@id\":\"https:\\\/\\\/www.yanngraf.com\\\/fr\\\/#website\",\"url\":\"https:\\\/\\\/www.yanngraf.com\\\/fr\\\/\",\"name\":\"Yann Graf\",\"description\":\"I&#039;m a Digital Project Manager from Switzerland\",\"potentialAction\":[{\"@type\":\"SearchAction\",\"target\":{\"@type\":\"EntryPoint\",\"urlTemplate\":\"https:\\\/\\\/www.yanngraf.com\\\/fr\\\/?s={search_term_string}\"},\"query-input\":{\"@type\":\"PropertyValueSpecification\",\"valueRequired\":true,\"valueName\":\"search_term_string\"}}],\"inLanguage\":\"fr-FR\"},{\"@type\":\"Person\",\"@id\":\"https:\\\/\\\/www.yanngraf.com\\\/fr\\\/#\\\/schema\\\/person\\\/cb6cc65295b564034642b1d8e38e0fd3\",\"name\":\"Yann Graf\",\"description\":\"I am an experienced Digital Strategy Consultant based in Switzerland. After over seven year respectfully crafting and improving the digital presence of Terre des hommes, Nautilus and G-Star Raw, I am now a freelancer. Please have a look at my Portfolio\",\"sameAs\":[\"http:\\\/\\\/www.yanngraf.com\",\"https:\\\/\\\/www.facebook.com\\\/yanngraf\",\"https:\\\/\\\/x.com\\\/http:\\\/\\\/www.twitter.com\\\/yanngraf\"]}]}<\/script>\n<!-- \/ Yoast SEO plugin. -->","yoast_head_json":{"title":"Fran\u00e7ois Gendre - interviews de concepteur multim\u00e9dia","description":"Fran\u00e7ois Gendre, 29 ans bient\u00f4t 30, Fribourg, Je vais me repr\u00e9senter \u00e0 la pratique du CFC de concepteur en multim\u00e9dia cette ann\u00e9e \u00e0 l'eikon.","robots":{"index":"index","follow":"follow","max-snippet":"max-snippet:-1","max-image-preview":"max-image-preview:large","max-video-preview":"max-video-preview:-1"},"canonical":"https:\/\/www.yanngraf.com\/fr\/blog\/francois-gendre-interviews-concepteur-multimedia-2\/","og_locale":"fr_FR","og_type":"article","og_title":"Fran\u00e7ois Gendre - interviews de concepteur multim\u00e9dia","og_description":"Fran\u00e7ois Gendre, 29 ans bient\u00f4t 30, Fribourg, Je vais me repr\u00e9senter \u00e0 la pratique du CFC de concepteur en multim\u00e9dia cette ann\u00e9e \u00e0 l'eikon.","og_url":"https:\/\/www.yanngraf.com\/fr\/blog\/francois-gendre-interviews-concepteur-multimedia-2\/","og_site_name":"Yann Graf","article_publisher":"https:\/\/www.facebook.com\/yanngrafcom\/","article_author":"https:\/\/www.facebook.com\/yanngraf","article_published_time":"2010-02-24T08:46:22+00:00","article_modified_time":"2017-07-14T15:30:10+00:00","og_image":[{"url":"http:\/\/www.yanngraf.com\/wp-content\/uploads\/2010\/02\/Logo-interview-concepteur1.gif","type":"","width":"","height":""}],"author":"Yann Graf","twitter_card":"summary_large_image","twitter_creator":"@http:\/\/www.twitter.com\/yanngraf","twitter_site":"@yanngraf","twitter_misc":{"\u00c9crit par":"Yann Graf","Dur\u00e9e de lecture estim\u00e9e":"4 minutes"},"schema":{"@context":"https:\/\/schema.org","@graph":[{"@type":"Article","@id":"https:\/\/www.yanngraf.com\/fr\/blog\/francois-gendre-interviews-concepteur-multimedia-2\/#article","isPartOf":{"@id":"https:\/\/www.yanngraf.com\/fr\/blog\/francois-gendre-interviews-concepteur-multimedia-2\/"},"author":{"name":"Yann Graf","@id":"https:\/\/www.yanngraf.com\/fr\/#\/schema\/person\/cb6cc65295b564034642b1d8e38e0fd3"},"headline":"Fran\u00e7ois Gendre &#8211; interviews de concepteur multim\u00e9dia &#8211; N\u00b02","datePublished":"2010-02-24T08:46:22+00:00","dateModified":"2017-07-14T15:30:10+00:00","mainEntityOfPage":{"@id":"https:\/\/www.yanngraf.com\/fr\/blog\/francois-gendre-interviews-concepteur-multimedia-2\/"},"wordCount":918,"image":{"@id":"https:\/\/www.yanngraf.com\/fr\/blog\/francois-gendre-interviews-concepteur-multimedia-2\/#primaryimage"},"thumbnailUrl":"http:\/\/www.yanngraf.com\/wp-content\/uploads\/2010\/02\/Logo-interview-concepteur1.gif","articleSection":["Non classifi\u00e9(e)"],"inLanguage":"fr-FR"},{"@type":"WebPage","@id":"https:\/\/www.yanngraf.com\/fr\/blog\/francois-gendre-interviews-concepteur-multimedia-2\/","url":"https:\/\/www.yanngraf.com\/fr\/blog\/francois-gendre-interviews-concepteur-multimedia-2\/","name":"Fran\u00e7ois Gendre - interviews de concepteur multim\u00e9dia","isPartOf":{"@id":"https:\/\/www.yanngraf.com\/fr\/#website"},"primaryImageOfPage":{"@id":"https:\/\/www.yanngraf.com\/fr\/blog\/francois-gendre-interviews-concepteur-multimedia-2\/#primaryimage"},"image":{"@id":"https:\/\/www.yanngraf.com\/fr\/blog\/francois-gendre-interviews-concepteur-multimedia-2\/#primaryimage"},"thumbnailUrl":"http:\/\/www.yanngraf.com\/wp-content\/uploads\/2010\/02\/Logo-interview-concepteur1.gif","datePublished":"2010-02-24T08:46:22+00:00","dateModified":"2017-07-14T15:30:10+00:00","author":{"@id":"https:\/\/www.yanngraf.com\/fr\/#\/schema\/person\/cb6cc65295b564034642b1d8e38e0fd3"},"description":"Fran\u00e7ois Gendre, 29 ans bient\u00f4t 30, Fribourg, Je vais me repr\u00e9senter \u00e0 la pratique du CFC de concepteur en multim\u00e9dia cette ann\u00e9e \u00e0 l'eikon.","breadcrumb":{"@id":"https:\/\/www.yanngraf.com\/fr\/blog\/francois-gendre-interviews-concepteur-multimedia-2\/#breadcrumb"},"inLanguage":"fr-FR","potentialAction":[{"@type":"ReadAction","target":["https:\/\/www.yanngraf.com\/fr\/blog\/francois-gendre-interviews-concepteur-multimedia-2\/"]}]},{"@type":"ImageObject","inLanguage":"fr-FR","@id":"https:\/\/www.yanngraf.com\/fr\/blog\/francois-gendre-interviews-concepteur-multimedia-2\/#primaryimage","url":"http:\/\/www.yanngraf.com\/wp-content\/uploads\/2010\/02\/Logo-interview-concepteur1.gif","contentUrl":"http:\/\/www.yanngraf.com\/wp-content\/uploads\/2010\/02\/Logo-interview-concepteur1.gif"},{"@type":"BreadcrumbList","@id":"https:\/\/www.yanngraf.com\/fr\/blog\/francois-gendre-interviews-concepteur-multimedia-2\/#breadcrumb","itemListElement":[{"@type":"ListItem","position":1,"name":"Home","item":"https:\/\/www.yanngraf.com\/fr\/"},{"@type":"ListItem","position":2,"name":"Fran\u00e7ois Gendre &#8211; interviews de concepteur multim\u00e9dia &#8211; N\u00b02"}]},{"@type":"WebSite","@id":"https:\/\/www.yanngraf.com\/fr\/#website","url":"https:\/\/www.yanngraf.com\/fr\/","name":"Yann Graf","description":"I&#039;m a Digital Project Manager from Switzerland","potentialAction":[{"@type":"SearchAction","target":{"@type":"EntryPoint","urlTemplate":"https:\/\/www.yanngraf.com\/fr\/?s={search_term_string}"},"query-input":{"@type":"PropertyValueSpecification","valueRequired":true,"valueName":"search_term_string"}}],"inLanguage":"fr-FR"},{"@type":"Person","@id":"https:\/\/www.yanngraf.com\/fr\/#\/schema\/person\/cb6cc65295b564034642b1d8e38e0fd3","name":"Yann Graf","description":"I am an experienced Digital Strategy Consultant based in Switzerland. After over seven year respectfully crafting and improving the digital presence of Terre des hommes, Nautilus and G-Star Raw, I am now a freelancer. Please have a look at my Portfolio","sameAs":["http:\/\/www.yanngraf.com","https:\/\/www.facebook.com\/yanngraf","https:\/\/x.com\/http:\/\/www.twitter.com\/yanngraf"]}]}},"_links":{"self":[{"href":"https:\/\/www.yanngraf.com\/fr\/wp-json\/wp\/v2\/posts\/1655","targetHints":{"allow":["GET"]}}],"collection":[{"href":"https:\/\/www.yanngraf.com\/fr\/wp-json\/wp\/v2\/posts"}],"about":[{"href":"https:\/\/www.yanngraf.com\/fr\/wp-json\/wp\/v2\/types\/post"}],"author":[{"embeddable":true,"href":"https:\/\/www.yanngraf.com\/fr\/wp-json\/wp\/v2\/users\/4"}],"replies":[{"embeddable":true,"href":"https:\/\/www.yanngraf.com\/fr\/wp-json\/wp\/v2\/comments?post=1655"}],"version-history":[{"count":0,"href":"https:\/\/www.yanngraf.com\/fr\/wp-json\/wp\/v2\/posts\/1655\/revisions"}],"wp:attachment":[{"href":"https:\/\/www.yanngraf.com\/fr\/wp-json\/wp\/v2\/media?parent=1655"}],"wp:term":[{"taxonomy":"category","embeddable":true,"href":"https:\/\/www.yanngraf.com\/fr\/wp-json\/wp\/v2\/categories?post=1655"},{"taxonomy":"post_tag","embeddable":true,"href":"https:\/\/www.yanngraf.com\/fr\/wp-json\/wp\/v2\/tags?post=1655"}],"curies":[{"name":"wp","href":"https:\/\/api.w.org\/{rel}","templated":true}]}}