{"id":1227,"date":"2009-10-07T09:00:24","date_gmt":"2009-10-07T07:00:24","guid":{"rendered":"http:\/\/www.yanngraf.com\/?p=1227"},"modified":"2017-07-14T17:10:55","modified_gmt":"2017-07-14T15:10:55","slug":"agence-de-communication-lausanne","status":"publish","type":"post","link":"https:\/\/www.yanngraf.com\/fr\/blog\/agence-de-communication-lausanne\/","title":{"rendered":"Top 10 des sites d&rsquo;agence de communication de Suisse romande"},"content":{"rendered":"<p>\u00c0 force d&rsquo;aller \u00ab\u00a0espionner\u00a0\u00bb les sites <strong>des \u00a0agence de communication visuelle romande<\/strong>, je me suis dit qu&rsquo;il faudrait en faire un classement. Alors le voici, il est bien s\u00fbr totalement subjectif et refl\u00e8te que <strong>mon point de vue personnel<\/strong>. Mon premier crit\u00e8re a \u00e9t\u00e9 l&rsquo;aspect esth\u00e9tique, en gros est-ce que je le trouve beau. Apr\u00e8s, les crit\u00e8res d&rsquo;ergonomie et contenu entraient aussi en jeu.<\/p>\n<p>Les cordonniers \u00e9tant souvent les plus mal chauss\u00e9s, j&rsquo;ai vu beaucoup d&rsquo;agence produire du contenu tr\u00e8s beau, mais avoir un site&#8230;euh.. comment dire? \u00ab\u00a0Pas repr\u00e9sentatif\u00a0\u00bb de leur savoir-faire \ud83d\ude09<\/p>\n<h2><!--more-->1) <a href=\"http:\/\/www.procab.ch\">Procab Studio<\/a><\/h2>\n<p><img decoding=\"async\" class=\"alignnone size-full wp-image-1228\" title=\"Site web Procab Studio\" src=\"http:\/\/www.yanngraf.com\/wp-content\/uploads\/2009\/10\/procab.jpg\" alt=\"Site web Procab Studio - agence de communication\" width=\"520\" height=\"358\" srcset=\"https:\/\/www.yanngraf.com\/wp-content\/uploads\/2009\/10\/procab.jpg 520w, https:\/\/www.yanngraf.com\/wp-content\/uploads\/2009\/10\/procab-380x262.jpg 380w, https:\/\/www.yanngraf.com\/wp-content\/uploads\/2009\/10\/procab-20x14.jpg 20w, https:\/\/www.yanngraf.com\/wp-content\/uploads\/2009\/10\/procab-190x131.jpg 190w\" sizes=\"(max-width: 520px) 100vw, 520px\" \/><\/p>\n<p>C&rsquo;est mon pr\u00e9f\u00e9r\u00e9. Il est clean, ils utilisent peu Flash. Tr\u00e8s bien r\u00e9f\u00e9renc\u00e9. J&rsquo;aime bien les \u00ab\u00a0highlights \u00bb de chiffre en rouge. Bonus: une version mobile qui fonctionne. Belle qui plus est.<\/p>\n<h2>2) ElectronLibre (site offline)<\/h2>\n<p><img decoding=\"async\" class=\"alignnone size-full wp-image-1241\" title=\"Site web Electon Libre\" src=\"http:\/\/www.yanngraf.com\/wp-content\/uploads\/2009\/10\/electon-libre.jpg\" alt=\"Site web Electon Libre - agence cr\u00e9ative\" width=\"520\" height=\"320\" srcset=\"https:\/\/www.yanngraf.com\/wp-content\/uploads\/2009\/10\/electon-libre.jpg 520w, https:\/\/www.yanngraf.com\/wp-content\/uploads\/2009\/10\/electon-libre-380x234.jpg 380w, https:\/\/www.yanngraf.com\/wp-content\/uploads\/2009\/10\/electon-libre-190x117.jpg 190w, https:\/\/www.yanngraf.com\/wp-content\/uploads\/2009\/10\/electon-libre-20x12.jpg 20w\" sizes=\"(max-width: 520px) 100vw, 520px\" \/><\/p>\n<p>J&rsquo;aime: la video sur le background de la homepage, la pr\u00e9sentation de l&rsquo;\u00e9quipe en tableau p\u00e9riodique, l&rsquo;impression g\u00e9n\u00e9rale du site. J&rsquo;aime moins, le gros logo Facebook\/Twitter. Et le Client login.. \u00e7a se fait encore \u00e7a?<\/p>\n<h2>3) <a href=\"http:\/\/www.hi-d.ch\">Hi-D<\/a><\/h2>\n<p><img decoding=\"async\" class=\"alignnone size-full wp-image-1229\" title=\"Site web Hi-d\" src=\"http:\/\/www.yanngraf.com\/wp-content\/uploads\/2009\/10\/hi-d.jpg\" alt=\"Site web Hi-d - agence visuelle\" width=\"520\" height=\"314\" srcset=\"https:\/\/www.yanngraf.com\/wp-content\/uploads\/2009\/10\/hi-d.jpg 520w, https:\/\/www.yanngraf.com\/wp-content\/uploads\/2009\/10\/hi-d-380x229.jpg 380w, https:\/\/www.yanngraf.com\/wp-content\/uploads\/2009\/10\/hi-d-190x115.jpg 190w, https:\/\/www.yanngraf.com\/wp-content\/uploads\/2009\/10\/hi-d-20x12.jpg 20w\" sizes=\"(max-width: 520px) 100vw, 520px\" \/><\/p>\n<p>Le plus: Il est beau, la version mobile funky-fresh. Le moins: Le menu en bas de page (ergonomie). Le very moins: le resize de ma page PLUS grand que la largueur de mon \u00e9cran! De toute fa\u00e7on, le resize = \u00e0 proscrire.<\/p>\n<h2>4) Label (site offline)<\/h2>\n<p><img decoding=\"async\" class=\"alignnone size-full wp-image-1230\" title=\"Site web Label.ch\" src=\"http:\/\/www.yanngraf.com\/wp-content\/uploads\/2009\/10\/label.jpg\" alt=\"Site web Label.ch - agence de marketing\" width=\"520\" height=\"316\" srcset=\"https:\/\/www.yanngraf.com\/wp-content\/uploads\/2009\/10\/label.jpg 520w, https:\/\/www.yanngraf.com\/wp-content\/uploads\/2009\/10\/label-380x231.jpg 380w, https:\/\/www.yanngraf.com\/wp-content\/uploads\/2009\/10\/label-190x115.jpg 190w, https:\/\/www.yanngraf.com\/wp-content\/uploads\/2009\/10\/label-20x12.jpg 20w\" sizes=\"(max-width: 520px) 100vw, 520px\" \/><\/p>\n<p>J&rsquo;aime bien la pr\u00e9sentation des \u00ab\u00a0comp\u00e9tences illustr\u00e9es\u00a0\u00bb. On fait des logos en voil\u00e0 un! Le moins: Kiosk = WTF? Je comprends pas ce que c&rsquo;est sens\u00e9 \u00eatre?<\/p>\n<h2>5) <a href=\"http:\/\/www.scalena.ch\/\">Scalena<\/a><\/h2>\n<p><img decoding=\"async\" class=\"alignnone size-full wp-image-1231\" title=\"Site web Scalena\" src=\"http:\/\/www.yanngraf.com\/wp-content\/uploads\/2009\/10\/scalena.jpg\" alt=\"Site web Scalena - agence de communication\" width=\"520\" height=\"255\" srcset=\"https:\/\/www.yanngraf.com\/wp-content\/uploads\/2009\/10\/scalena.jpg 520w, https:\/\/www.yanngraf.com\/wp-content\/uploads\/2009\/10\/scalena-380x186.jpg 380w, https:\/\/www.yanngraf.com\/wp-content\/uploads\/2009\/10\/scalena-20x9.jpg 20w, https:\/\/www.yanngraf.com\/wp-content\/uploads\/2009\/10\/scalena-190x93.jpg 190w\" sizes=\"(max-width: 520px) 100vw, 520px\" \/><\/p>\n<p>C&rsquo;est s\u00fbr, le site est impressionnant. Ce n&rsquo;est pas pour rien qu&rsquo;il a \u00e9t\u00e9 prim\u00e9 cette ann\u00e9e au Grand. Par contre, sur mon Mac Book blanc (et sa Suite Adobe ouverte&#8230;) il n&rsquo;est pas fluide. Le point n\u00e9gatif: la musique en auto-start. Et bam! Que je te mets de la musique d&rsquo;ascenseur sur ta track de Femi Kuti. Raaah!<\/p>\n<h2>6) <a href=\"http:\/\/grey.com\/france\">Grey<\/a><\/h2>\n<p><img decoding=\"async\" class=\"alignnone size-full wp-image-1235\" style=\"border: 1px solid black;\" title=\"Site Web Grey\" src=\"http:\/\/www.yanngraf.com\/wp-content\/uploads\/2009\/10\/grey.jpg\" alt=\"Site Web Grey\" width=\"520\" height=\"274\" srcset=\"https:\/\/www.yanngraf.com\/wp-content\/uploads\/2009\/10\/grey.jpg 520w, https:\/\/www.yanngraf.com\/wp-content\/uploads\/2009\/10\/grey-380x200.jpg 380w, https:\/\/www.yanngraf.com\/wp-content\/uploads\/2009\/10\/grey-20x11.jpg 20w, https:\/\/www.yanngraf.com\/wp-content\/uploads\/2009\/10\/grey-190x100.jpg 190w\" sizes=\"(max-width: 520px) 100vw, 520px\" \/><\/p>\n<p>J&rsquo;aime bien: le style \u00e9pur\u00e9, les portraits en vid\u00e9o, la visite 360\u00b0 des bureaux. J&rsquo;aime moins: la moiti\u00e9 du contenu dans des lightbox.<\/p>\n<h2>7) <a href=\"http:\/\/www.rhino-universal.com\/\">Rhino Universal<\/a><\/h2>\n<p><img decoding=\"async\" style=\"border: 1px solid black;\" title=\"Site Web Rhino Universal\" src=\"http:\/\/www.yanngraf.com\/wp-content\/uploads\/2009\/10\/rhino.jpg\" alt=\"Site Web Rhino Universal\" width=\"520\" height=\"296\" \/><\/p>\n<p>J&rsquo;aime bien: la homepage avec les belles images du Rhino, le design \u00e9pur\u00e9. J&rsquo;aime moins: la navigation quelque peu difficile (ergonomie), le texte mini et non-accessible (impossible de l&rsquo;agrandir).<\/p>\n<h2>8)\u00a0 <a href=\"http:\/\/www.zefyr.ch\">Zefyr &#8211; agence de communication<\/a><\/h2>\n<p><img decoding=\"async\" class=\"alignnone size-full wp-image-1237\" style=\"border: 1px solid black;\" title=\"Site web Zefyr\" src=\"http:\/\/www.yanngraf.com\/wp-content\/uploads\/2009\/10\/zefyr.jpg\" alt=\"Site web Zefyr\" width=\"520\" height=\"251\" srcset=\"https:\/\/www.yanngraf.com\/wp-content\/uploads\/2009\/10\/zefyr.jpg 520w, https:\/\/www.yanngraf.com\/wp-content\/uploads\/2009\/10\/zefyr-380x183.jpg 380w, https:\/\/www.yanngraf.com\/wp-content\/uploads\/2009\/10\/zefyr-20x9.jpg 20w, https:\/\/www.yanngraf.com\/wp-content\/uploads\/2009\/10\/zefyr-190x92.jpg 190w\" sizes=\"(max-width: 520px) 100vw, 520px\" \/><\/p>\n<p>Je l&rsquo;aimais bien, tout en sachant pas vraiment pourquoi. Puis, il a presque plant\u00e9 mon navigateur&#8230;<\/p>\n<h2>9) <a href=\"http:\/\/benbencreativedesign.com\/\">Beben Creative Design<\/a><\/h2>\n<p><img decoding=\"async\" class=\"alignnone size-full wp-image-1249\" title=\"Site Web Beben Creative design\" src=\"http:\/\/www.yanngraf.com\/wp-content\/uploads\/2009\/10\/beben.jpg\" alt=\"Site Web Beben Creative design - agence de communication\" width=\"520\" height=\"260\" srcset=\"https:\/\/www.yanngraf.com\/wp-content\/uploads\/2009\/10\/beben.jpg 520w, https:\/\/www.yanngraf.com\/wp-content\/uploads\/2009\/10\/beben-380x190.jpg 380w, https:\/\/www.yanngraf.com\/wp-content\/uploads\/2009\/10\/beben-20x9.jpg 20w, https:\/\/www.yanngraf.com\/wp-content\/uploads\/2009\/10\/beben-190x95.jpg 190w\" sizes=\"(max-width: 520px) 100vw, 520px\" \/><\/p>\n<p>J&rsquo;aime le design qui colle bien avec le type de client (horlogerie, luxe). Mais pourquoi les images sont-elles si petites? Elles sont belles et m\u00e9riteraient d&rsquo;\u00eatre affich\u00e9e en grand.<\/p>\n<h2>Et le 10 alors?<\/h2>\n<p>Je vous vois venir. \u00ab\u00a0Il nous a menti, il n&rsquo;y a m\u00eame pas de num\u00e9ro 10 et en plus le N\u00b0X n&rsquo;a strictement rien \u00e0 faire dans ce classement!\u00a0\u00bb Ok, je suis d&rsquo;accord. Et j&rsquo;aimerai justement <strong>vous entendre<\/strong>. Vous pensez avoir un site qui m\u00e9riterait de figurer dans ce classement? Faites le savoir, postez vos commentaires, <strong>ils sont les bienvenus<\/strong>.<\/p>\n<p>D&rsquo;ici quelques semaines, j&rsquo;aimerais faire un classement similaire avec les sites <strong>d&rsquo;ind\u00e9pendant romand<\/strong>. Alors n&rsquo;h\u00e9sitez pas \u00e0 m&rsquo;envoyer vos liens. Merci<\/p>\n<p>PS: aviez-vous vu la liste des <a title=\"Agences de communication \u00e9colo: Des sites web en Birkenstock\" href=\"https:\/\/www.yanngraf.com\/fr\/blog\/agences-communication-ecolo-sociale\/\">agence de communication \u00e9colo<\/a>?<\/p>\n","protected":false},"excerpt":{"rendered":"<p>\u00c0 force d&rsquo;aller \u00ab espionner \u00bb les sites des entreprises de communication visuelle romande, je me suis dit qu&rsquo;il faudrait en faire un classement.<\/p>\n","protected":false},"author":4,"featured_media":0,"comment_status":"closed","ping_status":"closed","sticky":false,"template":"","format":"standard","meta":{"_acf_changed":false,"footnotes":""},"categories":[592],"tags":[],"class_list":["post-1227","post","type-post","status-publish","format-standard","hentry","category-non-classifiee"],"acf":[],"yoast_head":"<!-- This site is optimized with the Yoast SEO plugin v27.5 - https:\/\/yoast.com\/product\/yoast-seo-wordpress\/ -->\n<title>Agence de communication de Suisse romande - le Top 10<\/title>\n<meta name=\"description\" content=\"Voici une liste des agence de communication de Lausanne et de toute la Suisse romande dont les sites sont les plus beaux, les plus esth\u00e9tiques.\" \/>\n<meta name=\"robots\" content=\"index, follow, max-snippet:-1, max-image-preview:large, max-video-preview:-1\" \/>\n<link rel=\"canonical\" href=\"https:\/\/www.yanngraf.com\/fr\/blog\/agence-de-communication-lausanne\/\" \/>\n<meta property=\"og:locale\" content=\"fr_FR\" \/>\n<meta property=\"og:type\" content=\"article\" \/>\n<meta property=\"og:title\" content=\"Agence de communication de Suisse romande - le Top 10\" \/>\n<meta property=\"og:description\" content=\"Voici une liste des agence de communication de Lausanne et de toute la Suisse romande dont les sites sont les plus beaux, les plus esth\u00e9tiques.\" \/>\n<meta property=\"og:url\" content=\"https:\/\/www.yanngraf.com\/fr\/blog\/agence-de-communication-lausanne\/\" \/>\n<meta property=\"og:site_name\" content=\"Yann Graf\" \/>\n<meta property=\"article:publisher\" content=\"https:\/\/www.facebook.com\/yanngrafcom\/\" \/>\n<meta property=\"article:author\" content=\"https:\/\/www.facebook.com\/yanngraf\" \/>\n<meta property=\"article:published_time\" content=\"2009-10-07T07:00:24+00:00\" \/>\n<meta property=\"article:modified_time\" content=\"2017-07-14T15:10:55+00:00\" \/>\n<meta property=\"og:image\" content=\"http:\/\/www.yanngraf.com\/wp-content\/uploads\/2009\/10\/procab.jpg\" \/>\n<meta name=\"author\" content=\"Yann Graf\" \/>\n<meta name=\"twitter:card\" content=\"summary_large_image\" \/>\n<meta name=\"twitter:creator\" content=\"@http:\/\/www.twitter.com\/yanngraf\" \/>\n<meta name=\"twitter:site\" content=\"@yanngraf\" \/>\n<meta name=\"twitter:label1\" content=\"\u00c9crit par\" \/>\n\t<meta name=\"twitter:data1\" content=\"Yann Graf\" \/>\n\t<meta name=\"twitter:label2\" content=\"Dur\u00e9e de lecture estim\u00e9e\" \/>\n\t<meta name=\"twitter:data2\" content=\"3 minutes\" \/>\n<script type=\"application\/ld+json\" class=\"yoast-schema-graph\">{\"@context\":\"https:\\\/\\\/schema.org\",\"@graph\":[{\"@type\":\"Article\",\"@id\":\"https:\\\/\\\/www.yanngraf.com\\\/fr\\\/blog\\\/agence-de-communication-lausanne\\\/#article\",\"isPartOf\":{\"@id\":\"https:\\\/\\\/www.yanngraf.com\\\/fr\\\/blog\\\/agence-de-communication-lausanne\\\/\"},\"author\":{\"name\":\"Yann Graf\",\"@id\":\"https:\\\/\\\/www.yanngraf.com\\\/fr\\\/#\\\/schema\\\/person\\\/cb6cc65295b564034642b1d8e38e0fd3\"},\"headline\":\"Top 10 des sites d&rsquo;agence de communication de Suisse romande\",\"datePublished\":\"2009-10-07T07:00:24+00:00\",\"dateModified\":\"2017-07-14T15:10:55+00:00\",\"mainEntityOfPage\":{\"@id\":\"https:\\\/\\\/www.yanngraf.com\\\/fr\\\/blog\\\/agence-de-communication-lausanne\\\/\"},\"wordCount\":572,\"image\":{\"@id\":\"https:\\\/\\\/www.yanngraf.com\\\/fr\\\/blog\\\/agence-de-communication-lausanne\\\/#primaryimage\"},\"thumbnailUrl\":\"http:\\\/\\\/www.yanngraf.com\\\/wp-content\\\/uploads\\\/2009\\\/10\\\/procab.jpg\",\"articleSection\":[\"Non classifi\u00e9(e)\"],\"inLanguage\":\"fr-FR\"},{\"@type\":\"WebPage\",\"@id\":\"https:\\\/\\\/www.yanngraf.com\\\/fr\\\/blog\\\/agence-de-communication-lausanne\\\/\",\"url\":\"https:\\\/\\\/www.yanngraf.com\\\/fr\\\/blog\\\/agence-de-communication-lausanne\\\/\",\"name\":\"Agence de communication de Suisse romande - le Top 10\",\"isPartOf\":{\"@id\":\"https:\\\/\\\/www.yanngraf.com\\\/fr\\\/#website\"},\"primaryImageOfPage\":{\"@id\":\"https:\\\/\\\/www.yanngraf.com\\\/fr\\\/blog\\\/agence-de-communication-lausanne\\\/#primaryimage\"},\"image\":{\"@id\":\"https:\\\/\\\/www.yanngraf.com\\\/fr\\\/blog\\\/agence-de-communication-lausanne\\\/#primaryimage\"},\"thumbnailUrl\":\"http:\\\/\\\/www.yanngraf.com\\\/wp-content\\\/uploads\\\/2009\\\/10\\\/procab.jpg\",\"datePublished\":\"2009-10-07T07:00:24+00:00\",\"dateModified\":\"2017-07-14T15:10:55+00:00\",\"author\":{\"@id\":\"https:\\\/\\\/www.yanngraf.com\\\/fr\\\/#\\\/schema\\\/person\\\/cb6cc65295b564034642b1d8e38e0fd3\"},\"description\":\"Voici une liste des agence de communication de Lausanne et de toute la Suisse romande dont les sites sont les plus beaux, les plus esth\u00e9tiques.\",\"breadcrumb\":{\"@id\":\"https:\\\/\\\/www.yanngraf.com\\\/fr\\\/blog\\\/agence-de-communication-lausanne\\\/#breadcrumb\"},\"inLanguage\":\"fr-FR\",\"potentialAction\":[{\"@type\":\"ReadAction\",\"target\":[\"https:\\\/\\\/www.yanngraf.com\\\/fr\\\/blog\\\/agence-de-communication-lausanne\\\/\"]}]},{\"@type\":\"ImageObject\",\"inLanguage\":\"fr-FR\",\"@id\":\"https:\\\/\\\/www.yanngraf.com\\\/fr\\\/blog\\\/agence-de-communication-lausanne\\\/#primaryimage\",\"url\":\"http:\\\/\\\/www.yanngraf.com\\\/wp-content\\\/uploads\\\/2009\\\/10\\\/procab.jpg\",\"contentUrl\":\"http:\\\/\\\/www.yanngraf.com\\\/wp-content\\\/uploads\\\/2009\\\/10\\\/procab.jpg\"},{\"@type\":\"BreadcrumbList\",\"@id\":\"https:\\\/\\\/www.yanngraf.com\\\/fr\\\/blog\\\/agence-de-communication-lausanne\\\/#breadcrumb\",\"itemListElement\":[{\"@type\":\"ListItem\",\"position\":1,\"name\":\"Home\",\"item\":\"https:\\\/\\\/www.yanngraf.com\\\/fr\\\/\"},{\"@type\":\"ListItem\",\"position\":2,\"name\":\"Top 10 des sites d&#8217;agence de communication de Suisse romande\"}]},{\"@type\":\"WebSite\",\"@id\":\"https:\\\/\\\/www.yanngraf.com\\\/fr\\\/#website\",\"url\":\"https:\\\/\\\/www.yanngraf.com\\\/fr\\\/\",\"name\":\"Yann Graf\",\"description\":\"I&#039;m a Digital Project Manager from Switzerland\",\"potentialAction\":[{\"@type\":\"SearchAction\",\"target\":{\"@type\":\"EntryPoint\",\"urlTemplate\":\"https:\\\/\\\/www.yanngraf.com\\\/fr\\\/?s={search_term_string}\"},\"query-input\":{\"@type\":\"PropertyValueSpecification\",\"valueRequired\":true,\"valueName\":\"search_term_string\"}}],\"inLanguage\":\"fr-FR\"},{\"@type\":\"Person\",\"@id\":\"https:\\\/\\\/www.yanngraf.com\\\/fr\\\/#\\\/schema\\\/person\\\/cb6cc65295b564034642b1d8e38e0fd3\",\"name\":\"Yann Graf\",\"description\":\"I am an experienced Digital Strategy Consultant based in Switzerland. After over seven year respectfully crafting and improving the digital presence of Terre des hommes, Nautilus and G-Star Raw, I am now a freelancer. Please have a look at my Portfolio\",\"sameAs\":[\"http:\\\/\\\/www.yanngraf.com\",\"https:\\\/\\\/www.facebook.com\\\/yanngraf\",\"https:\\\/\\\/x.com\\\/http:\\\/\\\/www.twitter.com\\\/yanngraf\"]}]}<\/script>\n<!-- \/ Yoast SEO plugin. -->","yoast_head_json":{"title":"Agence de communication de Suisse romande - le Top 10","description":"Voici une liste des agence de communication de Lausanne et de toute la Suisse romande dont les sites sont les plus beaux, les plus esth\u00e9tiques.","robots":{"index":"index","follow":"follow","max-snippet":"max-snippet:-1","max-image-preview":"max-image-preview:large","max-video-preview":"max-video-preview:-1"},"canonical":"https:\/\/www.yanngraf.com\/fr\/blog\/agence-de-communication-lausanne\/","og_locale":"fr_FR","og_type":"article","og_title":"Agence de communication de Suisse romande - le Top 10","og_description":"Voici une liste des agence de communication de Lausanne et de toute la Suisse romande dont les sites sont les plus beaux, les plus esth\u00e9tiques.","og_url":"https:\/\/www.yanngraf.com\/fr\/blog\/agence-de-communication-lausanne\/","og_site_name":"Yann Graf","article_publisher":"https:\/\/www.facebook.com\/yanngrafcom\/","article_author":"https:\/\/www.facebook.com\/yanngraf","article_published_time":"2009-10-07T07:00:24+00:00","article_modified_time":"2017-07-14T15:10:55+00:00","og_image":[{"url":"http:\/\/www.yanngraf.com\/wp-content\/uploads\/2009\/10\/procab.jpg","type":"","width":"","height":""}],"author":"Yann Graf","twitter_card":"summary_large_image","twitter_creator":"@http:\/\/www.twitter.com\/yanngraf","twitter_site":"@yanngraf","twitter_misc":{"\u00c9crit par":"Yann Graf","Dur\u00e9e de lecture estim\u00e9e":"3 minutes"},"schema":{"@context":"https:\/\/schema.org","@graph":[{"@type":"Article","@id":"https:\/\/www.yanngraf.com\/fr\/blog\/agence-de-communication-lausanne\/#article","isPartOf":{"@id":"https:\/\/www.yanngraf.com\/fr\/blog\/agence-de-communication-lausanne\/"},"author":{"name":"Yann Graf","@id":"https:\/\/www.yanngraf.com\/fr\/#\/schema\/person\/cb6cc65295b564034642b1d8e38e0fd3"},"headline":"Top 10 des sites d&rsquo;agence de communication de Suisse romande","datePublished":"2009-10-07T07:00:24+00:00","dateModified":"2017-07-14T15:10:55+00:00","mainEntityOfPage":{"@id":"https:\/\/www.yanngraf.com\/fr\/blog\/agence-de-communication-lausanne\/"},"wordCount":572,"image":{"@id":"https:\/\/www.yanngraf.com\/fr\/blog\/agence-de-communication-lausanne\/#primaryimage"},"thumbnailUrl":"http:\/\/www.yanngraf.com\/wp-content\/uploads\/2009\/10\/procab.jpg","articleSection":["Non classifi\u00e9(e)"],"inLanguage":"fr-FR"},{"@type":"WebPage","@id":"https:\/\/www.yanngraf.com\/fr\/blog\/agence-de-communication-lausanne\/","url":"https:\/\/www.yanngraf.com\/fr\/blog\/agence-de-communication-lausanne\/","name":"Agence de communication de Suisse romande - le Top 10","isPartOf":{"@id":"https:\/\/www.yanngraf.com\/fr\/#website"},"primaryImageOfPage":{"@id":"https:\/\/www.yanngraf.com\/fr\/blog\/agence-de-communication-lausanne\/#primaryimage"},"image":{"@id":"https:\/\/www.yanngraf.com\/fr\/blog\/agence-de-communication-lausanne\/#primaryimage"},"thumbnailUrl":"http:\/\/www.yanngraf.com\/wp-content\/uploads\/2009\/10\/procab.jpg","datePublished":"2009-10-07T07:00:24+00:00","dateModified":"2017-07-14T15:10:55+00:00","author":{"@id":"https:\/\/www.yanngraf.com\/fr\/#\/schema\/person\/cb6cc65295b564034642b1d8e38e0fd3"},"description":"Voici une liste des agence de communication de Lausanne et de toute la Suisse romande dont les sites sont les plus beaux, les plus esth\u00e9tiques.","breadcrumb":{"@id":"https:\/\/www.yanngraf.com\/fr\/blog\/agence-de-communication-lausanne\/#breadcrumb"},"inLanguage":"fr-FR","potentialAction":[{"@type":"ReadAction","target":["https:\/\/www.yanngraf.com\/fr\/blog\/agence-de-communication-lausanne\/"]}]},{"@type":"ImageObject","inLanguage":"fr-FR","@id":"https:\/\/www.yanngraf.com\/fr\/blog\/agence-de-communication-lausanne\/#primaryimage","url":"http:\/\/www.yanngraf.com\/wp-content\/uploads\/2009\/10\/procab.jpg","contentUrl":"http:\/\/www.yanngraf.com\/wp-content\/uploads\/2009\/10\/procab.jpg"},{"@type":"BreadcrumbList","@id":"https:\/\/www.yanngraf.com\/fr\/blog\/agence-de-communication-lausanne\/#breadcrumb","itemListElement":[{"@type":"ListItem","position":1,"name":"Home","item":"https:\/\/www.yanngraf.com\/fr\/"},{"@type":"ListItem","position":2,"name":"Top 10 des sites d&#8217;agence de communication de Suisse romande"}]},{"@type":"WebSite","@id":"https:\/\/www.yanngraf.com\/fr\/#website","url":"https:\/\/www.yanngraf.com\/fr\/","name":"Yann Graf","description":"I&#039;m a Digital Project Manager from Switzerland","potentialAction":[{"@type":"SearchAction","target":{"@type":"EntryPoint","urlTemplate":"https:\/\/www.yanngraf.com\/fr\/?s={search_term_string}"},"query-input":{"@type":"PropertyValueSpecification","valueRequired":true,"valueName":"search_term_string"}}],"inLanguage":"fr-FR"},{"@type":"Person","@id":"https:\/\/www.yanngraf.com\/fr\/#\/schema\/person\/cb6cc65295b564034642b1d8e38e0fd3","name":"Yann Graf","description":"I am an experienced Digital Strategy Consultant based in Switzerland. After over seven year respectfully crafting and improving the digital presence of Terre des hommes, Nautilus and G-Star Raw, I am now a freelancer. Please have a look at my Portfolio","sameAs":["http:\/\/www.yanngraf.com","https:\/\/www.facebook.com\/yanngraf","https:\/\/x.com\/http:\/\/www.twitter.com\/yanngraf"]}]}},"_links":{"self":[{"href":"https:\/\/www.yanngraf.com\/fr\/wp-json\/wp\/v2\/posts\/1227","targetHints":{"allow":["GET"]}}],"collection":[{"href":"https:\/\/www.yanngraf.com\/fr\/wp-json\/wp\/v2\/posts"}],"about":[{"href":"https:\/\/www.yanngraf.com\/fr\/wp-json\/wp\/v2\/types\/post"}],"author":[{"embeddable":true,"href":"https:\/\/www.yanngraf.com\/fr\/wp-json\/wp\/v2\/users\/4"}],"replies":[{"embeddable":true,"href":"https:\/\/www.yanngraf.com\/fr\/wp-json\/wp\/v2\/comments?post=1227"}],"version-history":[{"count":0,"href":"https:\/\/www.yanngraf.com\/fr\/wp-json\/wp\/v2\/posts\/1227\/revisions"}],"wp:attachment":[{"href":"https:\/\/www.yanngraf.com\/fr\/wp-json\/wp\/v2\/media?parent=1227"}],"wp:term":[{"taxonomy":"category","embeddable":true,"href":"https:\/\/www.yanngraf.com\/fr\/wp-json\/wp\/v2\/categories?post=1227"},{"taxonomy":"post_tag","embeddable":true,"href":"https:\/\/www.yanngraf.com\/fr\/wp-json\/wp\/v2\/tags?post=1227"}],"curies":[{"name":"wp","href":"https:\/\/api.w.org\/{rel}","templated":true}]}}